{"id":960,"date":"2021-03-10T21:25:33","date_gmt":"2021-03-10T21:25:33","guid":{"rendered":"https:\/\/radiojabato.es\/?p=960"},"modified":"2021-03-10T21:25:33","modified_gmt":"2021-03-10T21:25:33","slug":"45-el-caso-del-nino-perdido-de-somosierra","status":"publish","type":"post","link":"https:\/\/radiojabato.es\/?p=960","title":{"rendered":"45 El caso del NI\u00d1O PERDIDO de Somosierra."},"content":{"rendered":"\n<figure class=\"wp-block-image size-large\"><img loading=\"lazy\" decoding=\"async\" width=\"416\" height=\"310\" src=\"https:\/\/radiojabato.es\/wp-content\/uploads\/2021\/03\/CARTEL-1.jpg\" alt=\"\" class=\"wp-image-961\" srcset=\"https:\/\/radiojabato.es\/wp-content\/uploads\/2021\/03\/CARTEL-1.jpg 416w, https:\/\/radiojabato.es\/wp-content\/uploads\/2021\/03\/CARTEL-1-300x224.jpg 300w\" sizes=\"auto, (max-width: 416px) 100vw, 416px\" \/><\/figure>\n\n\n\n<p><strong>Juan Pedro Mart\u00ednez G\u00f3mez, un nombre que quiz\u00e1 no les diga nada. Pero es el protagonista de uno de los mayores misterios de la historia reciente de Espa\u00f1a:<\/strong><\/p>\n\n\n\n<audio class=\"wp-audio-shortcode\" id=\"audio-960-1\" preload=\"none\" style=\"width: 100%;\" controls=\"controls\"><source type=\"audio\/mpeg\" src=\"https:\/\/www.ivoox.com\/45-el-caso-del-nino-perdido-somosierra_md_66655538_wp_1.mp3?_=1\" \/><a href=\"https:\/\/www.ivoox.com\/45-el-caso-del-nino-perdido-somosierra_md_66655538_wp_1.mp3\">https:\/\/www.ivoox.com\/45-el-caso-del-nino-perdido-somosierra_md_66655538_wp_1.mp3<\/a><\/audio> <a href=\"https:\/\/go.ivoox.com\/rf\/66655538\" title=\"45 El caso del NI\u00d1O PERDIDO de Somosierra.\">Ir a descargar<\/a>\n\n\n\n<p><strong>Nos situamos una tarde del 24 de junio de 1986, las 7 de la tarde, el chiquillo de 10 a\u00f1os, Juan Pedro Mart\u00ednez G\u00f3mez, vestido con un pantal\u00f3n y un jersey rojos, sonre\u00eda ante lo que, sin duda so\u00f1aba , vivir una gran aventura: cruzar Espa\u00f1a de sur a norte.Estaba feliz, agradecido a su padre, por dejarles ir , a \u00e9l y a su madre, Carmen, y vivir la oportunidad de acompa\u00f1arle en la ruta. Parece que, adem\u00e1s, les hab\u00eda prometido que aprovechar\u00edan el viaje para pasar unos d\u00edas visitando el Pa\u00eds Vasco.As\u00ed comenzar\u00eda uno de los misterios mas incre\u00edbles y que 35 a\u00f1os despu\u00e9s, sigue sin resolverse, considerado hasta por la Interpol, el caso mas misterioso recibido.As\u00ed que , poneros c\u00f3modos, dejar las penumbras os invadan, y abramos las puertas del misterio con:El caso del ni\u00f1o de Somosierra<\/strong><br><strong>FUENTES:peri\u00f3dico La Verdadperi\u00f3dico Las Provincias<\/strong><a href=\"https:\/\/www.lugares-abandonados.com\/el-nino-de-somosierra\/\"><strong>https:\/\/www.lugares-abandonados.com\/el-nino-de-somosierra\/<\/strong><\/a><\/p>\n","protected":false},"excerpt":{"rendered":"<p>Juan Pedro Mart\u00ednez G\u00f3mez, un nombre que quiz\u00e1 no les diga nada. Pero es el protagonista de uno de los mayores misterios de la historia reciente de Espa\u00f1a: Ir a [&hellip;]<\/p>\n","protected":false},"author":2,"featured_media":961,"comment_status":"open","ping_status":"open","sticky":false,"template":"","format":"standard","meta":{"footnotes":""},"categories":[7],"tags":[],"class_list":["post-960","post","type-post","status-publish","format-standard","has-post-thumbnail","hentry","category-al-final-de-la-escalera"],"_links":{"self":[{"href":"https:\/\/radiojabato.es\/index.php?rest_route=\/wp\/v2\/posts\/960","targetHints":{"allow":["GET"]}}],"collection":[{"href":"https:\/\/radiojabato.es\/index.php?rest_route=\/wp\/v2\/posts"}],"about":[{"href":"https:\/\/radiojabato.es\/index.php?rest_route=\/wp\/v2\/types\/post"}],"author":[{"embeddable":true,"href":"https:\/\/radiojabato.es\/index.php?rest_route=\/wp\/v2\/users\/2"}],"replies":[{"embeddable":true,"href":"https:\/\/radiojabato.es\/index.php?rest_route=%2Fwp%2Fv2%2Fcomments&post=960"}],"version-history":[{"count":1,"href":"https:\/\/radiojabato.es\/index.php?rest_route=\/wp\/v2\/posts\/960\/revisions"}],"predecessor-version":[{"id":962,"href":"https:\/\/radiojabato.es\/index.php?rest_route=\/wp\/v2\/posts\/960\/revisions\/962"}],"wp:featuredmedia":[{"embeddable":true,"href":"https:\/\/radiojabato.es\/index.php?rest_route=\/wp\/v2\/media\/961"}],"wp:attachment":[{"href":"https:\/\/radiojabato.es\/index.php?rest_route=%2Fwp%2Fv2%2Fmedia&parent=960"}],"wp:term":[{"taxonomy":"category","embeddable":true,"href":"https:\/\/radiojabato.es\/index.php?rest_route=%2Fwp%2Fv2%2Fcategories&post=960"},{"taxonomy":"post_tag","embeddable":true,"href":"https:\/\/radiojabato.es\/index.php?rest_route=%2Fwp%2Fv2%2Ftags&post=960"}],"curies":[{"name":"wp","href":"https:\/\/api.w.org\/{rel}","templated":true}]}}