{"id":9513,"date":"2026-03-16T19:44:55","date_gmt":"2026-03-16T19:44:55","guid":{"rendered":"https:\/\/radiojabato.es\/?p=9513"},"modified":"2026-03-16T19:44:55","modified_gmt":"2026-03-16T19:44:55","slug":"abrimos-la-puerta-en-radio-jabato-entrevista-a-carlos-escano-amnistia-internacional","status":"publish","type":"post","link":"https:\/\/radiojabato.es\/?p=9513","title":{"rendered":"ABRIMOS LA PUERTA EN RADIO JABATO: \u00abEntrevista a Carlos Esca\u00f1o, Amnist\u00eda Internacional\u00bb."},"content":{"rendered":"\n<iframe src=\"https:\/\/www.ivoox.com\/player_ej_170209380_6_1.html?c1=d11212\" width=\"100%\" height=\"200\" frameborder=\"0\" allowfullscreen=\"\" scrolling=\"no\" loading=\"lazy\"><\/iframe>\n\n\n\n<figure class=\"wp-block-embed is-type-video is-provider-youtube wp-block-embed-youtube wp-embed-aspect-16-9 wp-has-aspect-ratio\"><div class=\"wp-block-embed__wrapper\">\n<iframe loading=\"lazy\" title=\"ABRIMOS LA PUERTA EN RADIO JABATO: &quot;Entrevista a Carlos Esca\u00f1o, Amnist\u00eda Internacional&quot;.\" width=\"750\" height=\"422\" src=\"https:\/\/www.youtube.com\/embed\/gDVCtGuVPdE?feature=oembed\" frameborder=\"0\" allow=\"accelerometer; autoplay; clipboard-write; encrypted-media; gyroscope; picture-in-picture; web-share\" referrerpolicy=\"strict-origin-when-cross-origin\" allowfullscreen><\/iframe>\n<\/div><\/figure>\n\n\n\n<p>Entrevista a Carlos Esca\u00f1o, responsable de las campa\u00f1as de Amnist\u00eda Internacional y parte del Grupo Motor de la Campa\u00f1a \u00abPARAD EL RACISMO, NO A LAS PERSONAS\u00bb<\/p>\n\n\n\n<p>Reclamamos el fin de los controles policiales racistas. El 21 de marzo, d\u00eda contra la discriminaci\u00f3n racial, m\u00e1s de 300 colectivos se movilizar\u00e1n contra el racismo, un problema end\u00e9mico que es sistem\u00e1ticamente negado en el Estado espa\u00f1ol.<\/p>\n\n\n\n<p>\u00abLa estrategia de criminalizaci\u00f3n y se\u00f1alamiento de las personas migrantes como responsables de los problemas de la ciudadan\u00eda es para desviar la atenci\u00f3n de las causas reales de los problemas de la gente\u00bb.<\/p>\n\n\n\n<figure class=\"wp-block-image size-large is-resized\"><img loading=\"lazy\" decoding=\"async\" width=\"1024\" height=\"892\" src=\"https:\/\/radiojabato.es\/wp-content\/uploads\/2026\/03\/photo_2026-03-16_20-04-20-1024x892.jpg\" alt=\"\" class=\"wp-image-9514\" style=\"aspect-ratio:1.1479941291585127;width:249px;height:auto\" srcset=\"https:\/\/radiojabato.es\/wp-content\/uploads\/2026\/03\/photo_2026-03-16_20-04-20-1024x892.jpg 1024w, https:\/\/radiojabato.es\/wp-content\/uploads\/2026\/03\/photo_2026-03-16_20-04-20-300x261.jpg 300w, https:\/\/radiojabato.es\/wp-content\/uploads\/2026\/03\/photo_2026-03-16_20-04-20-768x669.jpg 768w, https:\/\/radiojabato.es\/wp-content\/uploads\/2026\/03\/photo_2026-03-16_20-04-20.jpg 1240w\" sizes=\"auto, (max-width: 1024px) 100vw, 1024px\" \/><\/figure>\n\n\n\n<p><\/p>\n","protected":false},"excerpt":{"rendered":"<p>Entrevista a Carlos Esca\u00f1o, responsable de las campa\u00f1as de Amnist\u00eda Internacional y parte del Grupo Motor de la Campa\u00f1a \u00abPARAD EL RACISMO, NO A LAS PERSONAS\u00bb Reclamamos el fin de [&hellip;]<\/p>\n","protected":false},"author":2,"featured_media":0,"comment_status":"open","ping_status":"open","sticky":false,"template":"","format":"standard","meta":{"footnotes":""},"categories":[784],"tags":[2300,2080,2301,408,48],"class_list":["post-9513","post","type-post","status-publish","format-standard","hentry","category-abrimos-la-puerta","tag-amnistia-internacional","tag-ana-lopez-khi-4","tag-carlos-escano","tag-racismo","tag-radio-jabato"],"_links":{"self":[{"href":"https:\/\/radiojabato.es\/index.php?rest_route=\/wp\/v2\/posts\/9513","targetHints":{"allow":["GET"]}}],"collection":[{"href":"https:\/\/radiojabato.es\/index.php?rest_route=\/wp\/v2\/posts"}],"about":[{"href":"https:\/\/radiojabato.es\/index.php?rest_route=\/wp\/v2\/types\/post"}],"author":[{"embeddable":true,"href":"https:\/\/radiojabato.es\/index.php?rest_route=\/wp\/v2\/users\/2"}],"replies":[{"embeddable":true,"href":"https:\/\/radiojabato.es\/index.php?rest_route=%2Fwp%2Fv2%2Fcomments&post=9513"}],"version-history":[{"count":1,"href":"https:\/\/radiojabato.es\/index.php?rest_route=\/wp\/v2\/posts\/9513\/revisions"}],"predecessor-version":[{"id":9515,"href":"https:\/\/radiojabato.es\/index.php?rest_route=\/wp\/v2\/posts\/9513\/revisions\/9515"}],"wp:attachment":[{"href":"https:\/\/radiojabato.es\/index.php?rest_route=%2Fwp%2Fv2%2Fmedia&parent=9513"}],"wp:term":[{"taxonomy":"category","embeddable":true,"href":"https:\/\/radiojabato.es\/index.php?rest_route=%2Fwp%2Fv2%2Fcategories&post=9513"},{"taxonomy":"post_tag","embeddable":true,"href":"https:\/\/radiojabato.es\/index.php?rest_route=%2Fwp%2Fv2%2Ftags&post=9513"}],"curies":[{"name":"wp","href":"https:\/\/api.w.org\/{rel}","templated":true}]}}