{"id":8933,"date":"2026-03-13T14:16:28","date_gmt":"2026-03-13T14:16:28","guid":{"rendered":"https:\/\/radiojabato.es\/?p=8933"},"modified":"2026-03-13T14:16:28","modified_gmt":"2026-03-13T14:16:28","slug":"accion-social-angel-viveros-crisis-en-equipo-de-gobierno-y-mantenimiento-de-la-escena-urbana","status":"publish","type":"post","link":"https:\/\/radiojabato.es\/?p=8933","title":{"rendered":"ACCI\u00d3N SOCIAL: \u00ab\u00c1ngel Viveros, Crisis en equipo de Gobierno y Mantenimiento de La escena Urbana\u00bb."},"content":{"rendered":"\n<iframe src=\"https:\/\/www.ivoox.com\/player_ej_170079025_6_1.html?c1=cb0c0c\" width=\"100%\" height=\"200\" frameborder=\"0\" allowfullscreen=\"\" scrolling=\"no\" loading=\"lazy\"><\/iframe>\n\n\n\n<figure class=\"wp-block-embed is-type-video is-provider-youtube wp-block-embed-youtube wp-embed-aspect-16-9 wp-has-aspect-ratio\"><div class=\"wp-block-embed__wrapper\">\n<iframe loading=\"lazy\" title=\"ACCI\u00d3N SOCIAL: &quot;\u00c1ngel Viveros, Crisis en equipo de Gobierno y Mantenimiento de La escena Urbana&quot;.\" width=\"750\" height=\"422\" src=\"https:\/\/www.youtube.com\/embed\/QLl_lN1NWi8?feature=oembed\" frameborder=\"0\" allow=\"accelerometer; autoplay; clipboard-write; encrypted-media; gyroscope; picture-in-picture; web-share\" referrerpolicy=\"strict-origin-when-cross-origin\" allowfullscreen><\/iframe>\n<\/div><\/figure>\n\n\n\n<p>Entrevistamos a \u00c1ngel Viveros, Alcalde Presidente del Ayuntamiento de Coslada, en relaci\u00f3n con la crisis que acomete al equipo de gobierno con el enfrentamiento entre dos concejales que han abandonado M\u00e1s Madrid y las concejalas que siguen con el apoyo de su partido.<\/p>\n\n\n\n<p>Pasamos tambi\u00e9n revista a la situaci\u00f3n urbana de Coslada, inversiones, centros de mayores, accesibilidad, impuesto de basuras, Zona de Bajas Emisiones y m\u00e1s\u2026<\/p>\n\n\n\n<figure class=\"wp-block-gallery has-nested-images columns-default is-cropped wp-block-gallery-1 is-layout-flex wp-block-gallery-is-layout-flex\">\n<figure class=\"wp-block-image size-large\"><img loading=\"lazy\" decoding=\"async\" width=\"768\" height=\"1024\" data-id=\"8935\" src=\"https:\/\/radiojabato.es\/wp-content\/uploads\/2026\/03\/photo_2026-03-13_14-24-30-2-768x1024.jpg\" alt=\"\" class=\"wp-image-8935\" srcset=\"https:\/\/radiojabato.es\/wp-content\/uploads\/2026\/03\/photo_2026-03-13_14-24-30-2-768x1024.jpg 768w, https:\/\/radiojabato.es\/wp-content\/uploads\/2026\/03\/photo_2026-03-13_14-24-30-2-225x300.jpg 225w, https:\/\/radiojabato.es\/wp-content\/uploads\/2026\/03\/photo_2026-03-13_14-24-30-2.jpg 960w\" sizes=\"auto, (max-width: 768px) 100vw, 768px\" \/><\/figure>\n\n\n\n<figure class=\"wp-block-image size-large\"><img loading=\"lazy\" decoding=\"async\" width=\"768\" height=\"1024\" data-id=\"8934\" src=\"https:\/\/radiojabato.es\/wp-content\/uploads\/2026\/03\/photo_2026-03-13_14-24-30-768x1024.jpg\" alt=\"\" class=\"wp-image-8934\" srcset=\"https:\/\/radiojabato.es\/wp-content\/uploads\/2026\/03\/photo_2026-03-13_14-24-30-768x1024.jpg 768w, https:\/\/radiojabato.es\/wp-content\/uploads\/2026\/03\/photo_2026-03-13_14-24-30-225x300.jpg 225w, https:\/\/radiojabato.es\/wp-content\/uploads\/2026\/03\/photo_2026-03-13_14-24-30.jpg 960w\" sizes=\"auto, (max-width: 768px) 100vw, 768px\" \/><\/figure>\n<\/figure>\n","protected":false},"excerpt":{"rendered":"<p>Entrevistamos a \u00c1ngel Viveros, Alcalde Presidente del Ayuntamiento de Coslada, en relaci\u00f3n con la crisis que acomete al equipo de gobierno con el enfrentamiento entre dos concejales que han abandonado [&hellip;]<\/p>\n","protected":false},"author":2,"featured_media":0,"comment_status":"open","ping_status":"open","sticky":false,"template":"","format":"standard","meta":{"footnotes":""},"categories":[8],"tags":[514,900,67,57,2295,667,656],"class_list":["post-8933","post","type-post","status-publish","format-standard","hentry","category-accion-social","tag-alcalde-de-coslada","tag-angel-viveros-2","tag-ayuntamiento-de-coslada","tag-coslada","tag-equipo-de-gobierno-de-coslada","tag-mas-madrid-coslada","tag-psoe-coslada"],"_links":{"self":[{"href":"https:\/\/radiojabato.es\/index.php?rest_route=\/wp\/v2\/posts\/8933","targetHints":{"allow":["GET"]}}],"collection":[{"href":"https:\/\/radiojabato.es\/index.php?rest_route=\/wp\/v2\/posts"}],"about":[{"href":"https:\/\/radiojabato.es\/index.php?rest_route=\/wp\/v2\/types\/post"}],"author":[{"embeddable":true,"href":"https:\/\/radiojabato.es\/index.php?rest_route=\/wp\/v2\/users\/2"}],"replies":[{"embeddable":true,"href":"https:\/\/radiojabato.es\/index.php?rest_route=%2Fwp%2Fv2%2Fcomments&post=8933"}],"version-history":[{"count":1,"href":"https:\/\/radiojabato.es\/index.php?rest_route=\/wp\/v2\/posts\/8933\/revisions"}],"predecessor-version":[{"id":8936,"href":"https:\/\/radiojabato.es\/index.php?rest_route=\/wp\/v2\/posts\/8933\/revisions\/8936"}],"wp:attachment":[{"href":"https:\/\/radiojabato.es\/index.php?rest_route=%2Fwp%2Fv2%2Fmedia&parent=8933"}],"wp:term":[{"taxonomy":"category","embeddable":true,"href":"https:\/\/radiojabato.es\/index.php?rest_route=%2Fwp%2Fv2%2Fcategories&post=8933"},{"taxonomy":"post_tag","embeddable":true,"href":"https:\/\/radiojabato.es\/index.php?rest_route=%2Fwp%2Fv2%2Ftags&post=8933"}],"curies":[{"name":"wp","href":"https:\/\/api.w.org\/{rel}","templated":true}]}}