{"id":8927,"date":"2026-03-13T07:58:51","date_gmt":"2026-03-13T07:58:51","guid":{"rendered":"https:\/\/radiojabato.es\/?p=8927"},"modified":"2026-03-13T07:58:51","modified_gmt":"2026-03-13T07:58:51","slug":"tertulia-vecinal-actividades-y-programa-del-8m-dia-internacional-de-la-mujer","status":"publish","type":"post","link":"https:\/\/radiojabato.es\/?p=8927","title":{"rendered":"TERTULIA VECINAL: \u201cActividades y Programa del 8M D\u00eda Internacional De La Mujer.\u201d"},"content":{"rendered":"\n<iframe src=\"https:\/\/www.ivoox.com\/player_ej_170063774_6_1.html?c1=f4cc5c\" width=\"100%\" height=\"200\" frameborder=\"0\" allowfullscreen=\"\" scrolling=\"no\" loading=\"lazy\"><\/iframe>\n\n\n\n<figure class=\"wp-block-embed is-type-video is-provider-youtube wp-block-embed-youtube wp-embed-aspect-16-9 wp-has-aspect-ratio\"><div class=\"wp-block-embed__wrapper\">\n<iframe loading=\"lazy\" title=\"TERTULIA VECINAL: \u201cActividades y Programa del 8M D\u00eda Internacional De La Mujer.\u201d\" width=\"750\" height=\"422\" src=\"https:\/\/www.youtube.com\/embed\/LdzbzdGU_WM?feature=oembed\" frameborder=\"0\" allow=\"accelerometer; autoplay; clipboard-write; encrypted-media; gyroscope; picture-in-picture; web-share\" referrerpolicy=\"strict-origin-when-cross-origin\" allowfullscreen><\/iframe>\n<\/div><\/figure>\n\n\n\n<p>Tertulia vecinal sobre las actividades y programa del 8M d\u00eda internacional de la mujer. Contamos con la concejala de igualdad y diversidad paz Garreta y la t\u00e9cnica Violeta Lansac. Tambi\u00e9n invitamos a tres de los cinco galardonados con el \u00e1rbol de la igualdad, Paquita Turri\u00f3n, conocida en el municipio por su lucha incansable desde hace m\u00e1s de 40 a\u00f1os por los derechos y libertades de las mujeres coslade\u00f1as; LAURA Berm\u00fadez, representante del AMPA del colegio de educaci\u00f3n infantil y primaria Pablo Neruda; y Fernando Amigo \u201cKoala\u201d, coordinador de la concejal\u00eda de juventud e infancia del Ayuntamiento de Coslada. Comentamos algunas de las actividades celebradas y las que quedan todav\u00eda hasta el 15 de marzo por realizarse en este amplio programa que comenz\u00f3 el pasado 28 de febrero. Hablamos de las tareas y actos que han desarrollado las receptoras del reconocimiento del \u00e1rbol de la igualdad, que, por primera vez, ha sido designado por las componentes del Consejo de la mujer.<\/p>\n\n\n\n<figure class=\"wp-block-gallery has-nested-images columns-default is-cropped wp-block-gallery-1 is-layout-flex wp-block-gallery-is-layout-flex\">\n<figure class=\"wp-block-image size-large\"><img loading=\"lazy\" decoding=\"async\" width=\"768\" height=\"1024\" data-id=\"8928\" src=\"https:\/\/radiojabato.es\/wp-content\/uploads\/2026\/03\/photo_2026-03-12_15-05-16-768x1024.jpg\" alt=\"\" class=\"wp-image-8928\" srcset=\"https:\/\/radiojabato.es\/wp-content\/uploads\/2026\/03\/photo_2026-03-12_15-05-16-768x1024.jpg 768w, https:\/\/radiojabato.es\/wp-content\/uploads\/2026\/03\/photo_2026-03-12_15-05-16-225x300.jpg 225w, https:\/\/radiojabato.es\/wp-content\/uploads\/2026\/03\/photo_2026-03-12_15-05-16.jpg 960w\" sizes=\"auto, (max-width: 768px) 100vw, 768px\" \/><\/figure>\n\n\n\n<figure class=\"wp-block-image size-large\"><img loading=\"lazy\" decoding=\"async\" width=\"1024\" height=\"768\" data-id=\"8930\" src=\"https:\/\/radiojabato.es\/wp-content\/uploads\/2026\/03\/photo_2026-03-12_15-05-38-1024x768.jpg\" alt=\"\" class=\"wp-image-8930\" srcset=\"https:\/\/radiojabato.es\/wp-content\/uploads\/2026\/03\/photo_2026-03-12_15-05-38-1024x768.jpg 1024w, https:\/\/radiojabato.es\/wp-content\/uploads\/2026\/03\/photo_2026-03-12_15-05-38-300x225.jpg 300w, https:\/\/radiojabato.es\/wp-content\/uploads\/2026\/03\/photo_2026-03-12_15-05-38-768x576.jpg 768w, https:\/\/radiojabato.es\/wp-content\/uploads\/2026\/03\/photo_2026-03-12_15-05-38.jpg 1280w\" sizes=\"auto, (max-width: 1024px) 100vw, 1024px\" \/><\/figure>\n\n\n\n<figure class=\"wp-block-image size-large\"><img loading=\"lazy\" decoding=\"async\" width=\"768\" height=\"1024\" data-id=\"8929\" src=\"https:\/\/radiojabato.es\/wp-content\/uploads\/2026\/03\/photo_2026-03-12_15-05-45-768x1024.jpg\" alt=\"\" class=\"wp-image-8929\" srcset=\"https:\/\/radiojabato.es\/wp-content\/uploads\/2026\/03\/photo_2026-03-12_15-05-45-768x1024.jpg 768w, https:\/\/radiojabato.es\/wp-content\/uploads\/2026\/03\/photo_2026-03-12_15-05-45-225x300.jpg 225w, https:\/\/radiojabato.es\/wp-content\/uploads\/2026\/03\/photo_2026-03-12_15-05-45.jpg 960w\" sizes=\"auto, (max-width: 768px) 100vw, 768px\" \/><\/figure>\n\n\n\n<figure class=\"wp-block-image size-large\"><img loading=\"lazy\" decoding=\"async\" width=\"768\" height=\"1024\" data-id=\"8931\" src=\"https:\/\/radiojabato.es\/wp-content\/uploads\/2026\/03\/photo_2026-03-12_15-05-49-768x1024.jpg\" alt=\"\" class=\"wp-image-8931\" srcset=\"https:\/\/radiojabato.es\/wp-content\/uploads\/2026\/03\/photo_2026-03-12_15-05-49-768x1024.jpg 768w, https:\/\/radiojabato.es\/wp-content\/uploads\/2026\/03\/photo_2026-03-12_15-05-49-225x300.jpg 225w, https:\/\/radiojabato.es\/wp-content\/uploads\/2026\/03\/photo_2026-03-12_15-05-49.jpg 960w\" sizes=\"auto, (max-width: 768px) 100vw, 768px\" \/><\/figure>\n<\/figure>\n","protected":false},"excerpt":{"rendered":"<p>Tertulia vecinal sobre las actividades y programa del 8M d\u00eda internacional de la mujer. Contamos con la concejala de igualdad y diversidad paz Garreta y la t\u00e9cnica Violeta Lansac. Tambi\u00e9n [&hellip;]<\/p>\n","protected":false},"author":2,"featured_media":0,"comment_status":"open","ping_status":"open","sticky":false,"template":"","format":"standard","meta":{"footnotes":""},"categories":[552],"tags":[2288,187,2293,542,2294,2292,961,48,1239,2291],"class_list":["post-8927","post","type-post","status-publish","format-standard","hentry","category-tertulia-vecinal","tag-8m","tag-feminismo","tag-fernando-amigo-koala","tag-igualdad","tag-laura-bermudez","tag-paquita-turrion","tag-paz-garretas","tag-radio-jabato","tag-tertulia-vecinal","tag-violeta-lansac"],"_links":{"self":[{"href":"https:\/\/radiojabato.es\/index.php?rest_route=\/wp\/v2\/posts\/8927","targetHints":{"allow":["GET"]}}],"collection":[{"href":"https:\/\/radiojabato.es\/index.php?rest_route=\/wp\/v2\/posts"}],"about":[{"href":"https:\/\/radiojabato.es\/index.php?rest_route=\/wp\/v2\/types\/post"}],"author":[{"embeddable":true,"href":"https:\/\/radiojabato.es\/index.php?rest_route=\/wp\/v2\/users\/2"}],"replies":[{"embeddable":true,"href":"https:\/\/radiojabato.es\/index.php?rest_route=%2Fwp%2Fv2%2Fcomments&post=8927"}],"version-history":[{"count":1,"href":"https:\/\/radiojabato.es\/index.php?rest_route=\/wp\/v2\/posts\/8927\/revisions"}],"predecessor-version":[{"id":8932,"href":"https:\/\/radiojabato.es\/index.php?rest_route=\/wp\/v2\/posts\/8927\/revisions\/8932"}],"wp:attachment":[{"href":"https:\/\/radiojabato.es\/index.php?rest_route=%2Fwp%2Fv2%2Fmedia&parent=8927"}],"wp:term":[{"taxonomy":"category","embeddable":true,"href":"https:\/\/radiojabato.es\/index.php?rest_route=%2Fwp%2Fv2%2Fcategories&post=8927"},{"taxonomy":"post_tag","embeddable":true,"href":"https:\/\/radiojabato.es\/index.php?rest_route=%2Fwp%2Fv2%2Ftags&post=8927"}],"curies":[{"name":"wp","href":"https:\/\/api.w.org\/{rel}","templated":true}]}}