{"id":8885,"date":"2026-03-10T19:07:28","date_gmt":"2026-03-10T19:07:28","guid":{"rendered":"https:\/\/radiojabato.es\/?p=8885"},"modified":"2026-03-10T19:07:28","modified_gmt":"2026-03-10T19:07:28","slug":"sin-palos-en-las-ruedas-hospital-de-paraplejicos-de-toledo-atencion-centrada-en-personas-productos-con-proteinas","status":"publish","type":"post","link":"https:\/\/radiojabato.es\/?p=8885","title":{"rendered":"SIN PALOS EN LAS RUEDAS: \u201cHospital de Parapl\u00e9jicos de Toledo, Atenci\u00f3n Centrada en Personas, Productos con Prote\u00ednas\u201d."},"content":{"rendered":"\n<iframe src=\"https:\/\/www.ivoox.com\/player_ej_169880038_6_1.html?c1=c03944\" width=\"100%\" height=\"200\" frameborder=\"0\" allowfullscreen=\"\" scrolling=\"no\" loading=\"lazy\"><\/iframe>\n\n\n\n<figure class=\"wp-block-embed is-type-video is-provider-youtube wp-block-embed-youtube wp-embed-aspect-16-9 wp-has-aspect-ratio\"><div class=\"wp-block-embed__wrapper\">\n<iframe loading=\"lazy\" title=\"SIN PALOS EN LAS RUEDAS: \u201cHospital de Parapl\u00e9jicos de Toledo, Atenci\u00f3n en Personas, Proteinas\u201d.\" width=\"750\" height=\"422\" src=\"https:\/\/www.youtube.com\/embed\/7fLBw8BSUHk?feature=oembed\" frameborder=\"0\" allow=\"accelerometer; autoplay; clipboard-write; encrypted-media; gyroscope; picture-in-picture; web-share\" referrerpolicy=\"strict-origin-when-cross-origin\" allowfullscreen><\/iframe>\n<\/div><\/figure>\n\n\n\n<p>Arrancamos con Jorge Collazos, director del Laboratorio de Reparaci\u00f3n Neural y Biomateriales del Hospital Nacional de Parapl\u00e9jicos de Toledo hablando de reparaci\u00f3n de m\u00e9dula, continuamos con \u00a1C\u00f3mo est\u00e1 el patio! Tony Melero, y su humor.<\/p>\n\n\n\n<p>Pasamos a la Atenci\u00f3n Centrada en Personas con el Dr. Eduardo Llamazares, director M\u00e9dico del Hospital Fundaci\u00f3n Instituto San Jos\u00e9, continuamos con Sube el Ruido que Se L\u00eda y Elena Garc\u00eda, escritora que nos habla de Viajes a Nueva York con la bandera de la discapacidad.<\/p>\n\n\n\n<p>Finalizamos con Andrea Marqu\u00e9s D\u00edaz, nutricionista de IMEO, para Analizar los nuevos productos con prote\u00ednas que llegan a los supermercados, sin olvidar los consejos de Paula, fisioterapeuta del CAT hablando del \u201cS\u00edndrome de Mowat Wilson\u201d al comienzo del programa.<\/p>\n\n\n\n<figure class=\"wp-block-gallery has-nested-images columns-default is-cropped wp-block-gallery-1 is-layout-flex wp-block-gallery-is-layout-flex\">\n<figure class=\"wp-block-image size-large\"><img loading=\"lazy\" decoding=\"async\" width=\"1024\" height=\"768\" data-id=\"8889\" src=\"https:\/\/radiojabato.es\/wp-content\/uploads\/2026\/03\/photo_2_2026-03-10_08-13-05-1024x768.jpg\" alt=\"\" class=\"wp-image-8889\" srcset=\"https:\/\/radiojabato.es\/wp-content\/uploads\/2026\/03\/photo_2_2026-03-10_08-13-05-1024x768.jpg 1024w, https:\/\/radiojabato.es\/wp-content\/uploads\/2026\/03\/photo_2_2026-03-10_08-13-05-300x225.jpg 300w, https:\/\/radiojabato.es\/wp-content\/uploads\/2026\/03\/photo_2_2026-03-10_08-13-05-768x576.jpg 768w, https:\/\/radiojabato.es\/wp-content\/uploads\/2026\/03\/photo_2_2026-03-10_08-13-05.jpg 1280w\" sizes=\"auto, (max-width: 1024px) 100vw, 1024px\" \/><\/figure>\n\n\n\n<figure class=\"wp-block-image size-large\"><img loading=\"lazy\" decoding=\"async\" width=\"1024\" height=\"768\" data-id=\"8887\" src=\"https:\/\/radiojabato.es\/wp-content\/uploads\/2026\/03\/photo_4_2026-03-10_08-13-05-1024x768.jpg\" alt=\"\" class=\"wp-image-8887\" srcset=\"https:\/\/radiojabato.es\/wp-content\/uploads\/2026\/03\/photo_4_2026-03-10_08-13-05-1024x768.jpg 1024w, https:\/\/radiojabato.es\/wp-content\/uploads\/2026\/03\/photo_4_2026-03-10_08-13-05-300x225.jpg 300w, https:\/\/radiojabato.es\/wp-content\/uploads\/2026\/03\/photo_4_2026-03-10_08-13-05-768x576.jpg 768w, https:\/\/radiojabato.es\/wp-content\/uploads\/2026\/03\/photo_4_2026-03-10_08-13-05.jpg 1280w\" sizes=\"auto, (max-width: 1024px) 100vw, 1024px\" \/><\/figure>\n\n\n\n<figure class=\"wp-block-image size-large\"><img loading=\"lazy\" decoding=\"async\" width=\"1024\" height=\"768\" data-id=\"8888\" src=\"https:\/\/radiojabato.es\/wp-content\/uploads\/2026\/03\/photo_6_2026-03-10_08-13-05-1024x768.jpg\" alt=\"\" class=\"wp-image-8888\" srcset=\"https:\/\/radiojabato.es\/wp-content\/uploads\/2026\/03\/photo_6_2026-03-10_08-13-05-1024x768.jpg 1024w, https:\/\/radiojabato.es\/wp-content\/uploads\/2026\/03\/photo_6_2026-03-10_08-13-05-300x225.jpg 300w, https:\/\/radiojabato.es\/wp-content\/uploads\/2026\/03\/photo_6_2026-03-10_08-13-05-768x576.jpg 768w, https:\/\/radiojabato.es\/wp-content\/uploads\/2026\/03\/photo_6_2026-03-10_08-13-05.jpg 1280w\" sizes=\"auto, (max-width: 1024px) 100vw, 1024px\" \/><\/figure>\n\n\n\n<figure class=\"wp-block-image size-large\"><img loading=\"lazy\" decoding=\"async\" width=\"1024\" height=\"768\" data-id=\"8886\" src=\"https:\/\/radiojabato.es\/wp-content\/uploads\/2026\/03\/photo_7_2026-03-10_08-13-05-1024x768.jpg\" alt=\"\" class=\"wp-image-8886\" srcset=\"https:\/\/radiojabato.es\/wp-content\/uploads\/2026\/03\/photo_7_2026-03-10_08-13-05-1024x768.jpg 1024w, https:\/\/radiojabato.es\/wp-content\/uploads\/2026\/03\/photo_7_2026-03-10_08-13-05-300x225.jpg 300w, https:\/\/radiojabato.es\/wp-content\/uploads\/2026\/03\/photo_7_2026-03-10_08-13-05-768x576.jpg 768w, https:\/\/radiojabato.es\/wp-content\/uploads\/2026\/03\/photo_7_2026-03-10_08-13-05.jpg 1280w\" sizes=\"auto, (max-width: 1024px) 100vw, 1024px\" \/><\/figure>\n<\/figure>\n","protected":false},"excerpt":{"rendered":"<p>Arrancamos con Jorge Collazos, director del Laboratorio de Reparaci\u00f3n Neural y Biomateriales del Hospital Nacional de Parapl\u00e9jicos de Toledo hablando de reparaci\u00f3n de m\u00e9dula, continuamos con \u00a1C\u00f3mo est\u00e1 el patio! [&hellip;]<\/p>\n","protected":false},"author":2,"featured_media":0,"comment_status":"open","ping_status":"open","sticky":false,"template":"","format":"standard","meta":{"footnotes":""},"categories":[1625],"tags":[1770,332,700,1630,48,1629],"class_list":["post-8885","post","type-post","status-publish","format-standard","hentry","category-sin-palos-en-las-ruedas","tag-autonomia-personal","tag-discapacidad","tag-famma-cocemfe","tag-fundacion-360-para-la-autonomia-personal","tag-radio-jabato","tag-sin-palos-en-las-ruedas"],"_links":{"self":[{"href":"https:\/\/radiojabato.es\/index.php?rest_route=\/wp\/v2\/posts\/8885","targetHints":{"allow":["GET"]}}],"collection":[{"href":"https:\/\/radiojabato.es\/index.php?rest_route=\/wp\/v2\/posts"}],"about":[{"href":"https:\/\/radiojabato.es\/index.php?rest_route=\/wp\/v2\/types\/post"}],"author":[{"embeddable":true,"href":"https:\/\/radiojabato.es\/index.php?rest_route=\/wp\/v2\/users\/2"}],"replies":[{"embeddable":true,"href":"https:\/\/radiojabato.es\/index.php?rest_route=%2Fwp%2Fv2%2Fcomments&post=8885"}],"version-history":[{"count":1,"href":"https:\/\/radiojabato.es\/index.php?rest_route=\/wp\/v2\/posts\/8885\/revisions"}],"predecessor-version":[{"id":8890,"href":"https:\/\/radiojabato.es\/index.php?rest_route=\/wp\/v2\/posts\/8885\/revisions\/8890"}],"wp:attachment":[{"href":"https:\/\/radiojabato.es\/index.php?rest_route=%2Fwp%2Fv2%2Fmedia&parent=8885"}],"wp:term":[{"taxonomy":"category","embeddable":true,"href":"https:\/\/radiojabato.es\/index.php?rest_route=%2Fwp%2Fv2%2Fcategories&post=8885"},{"taxonomy":"post_tag","embeddable":true,"href":"https:\/\/radiojabato.es\/index.php?rest_route=%2Fwp%2Fv2%2Ftags&post=8885"}],"curies":[{"name":"wp","href":"https:\/\/api.w.org\/{rel}","templated":true}]}}