{"id":8862,"date":"2026-03-09T22:21:27","date_gmt":"2026-03-09T22:21:27","guid":{"rendered":"https:\/\/radiojabato.es\/?p=8862"},"modified":"2026-03-09T22:21:27","modified_gmt":"2026-03-09T22:21:27","slug":"identidades-en-frecuencia-noe-wandaysuslibros","status":"publish","type":"post","link":"https:\/\/radiojabato.es\/?p=8862","title":{"rendered":"IDENTIDADES EN FRECUENCIA: \u201cNoe (@wandaysuslibros)\u201d."},"content":{"rendered":"\n<iframe src=\"https:\/\/www.ivoox.com\/player_ej_169792989_6_1.html?c1=242b17\" width=\"100%\" height=\"200\" frameborder=\"0\" allowfullscreen=\"\" scrolling=\"no\" loading=\"lazy\"><\/iframe>\n\n\n\n<figure class=\"wp-block-embed is-type-video is-provider-youtube wp-block-embed-youtube wp-embed-aspect-16-9 wp-has-aspect-ratio\"><div class=\"wp-block-embed__wrapper\">\n<iframe loading=\"lazy\" title=\"IDENTIDADES EN FRECUENCIA: \u201cNoe (@wandaysuslibros)\u201d.\" width=\"750\" height=\"422\" src=\"https:\/\/www.youtube.com\/embed\/shM0zZ-h4Og?feature=oembed\" frameborder=\"0\" allow=\"accelerometer; autoplay; clipboard-write; encrypted-media; gyroscope; picture-in-picture; web-share\" referrerpolicy=\"strict-origin-when-cross-origin\" allowfullscreen><\/iframe>\n<\/div><\/figure>\n\n\n\n<p>Sergi entrevista a Noe, @wandaysuslibros, donde ellos fueron diagnosticados de Trastorno de Identidad Disociativa cuando \u201cEl Cuerpo\u201d ten\u00eda 21 a\u00f1os, cuenta su vivencia con sus identidades, c\u00f3mo conviven y relacionan. Consejos de personas con TID que aun siendo diagnosticadas son negadas por parte de la comunidad m\u00e9dica.<\/p>\n\n\n\n<p>\u201cCuando veo im\u00e1genes de Gaza Pienso: \u00bfCu\u00e1ntas mentes de esos ni\u00f1os se habr\u00e1n fragmentado para para sobrevivir al horror que est\u00e1n viviendo?\u201d (Sergi)<\/p>\n\n\n\n<figure class=\"wp-block-gallery has-nested-images columns-default is-cropped wp-block-gallery-1 is-layout-flex wp-block-gallery-is-layout-flex\">\n<figure class=\"wp-block-image size-large\"><img loading=\"lazy\" decoding=\"async\" width=\"1024\" height=\"545\" data-id=\"8864\" src=\"https:\/\/radiojabato.es\/wp-content\/uploads\/2026\/03\/Captura-de-pantalla-2026-03-09-225747-1024x545.png\" alt=\"\" class=\"wp-image-8864\" srcset=\"https:\/\/radiojabato.es\/wp-content\/uploads\/2026\/03\/Captura-de-pantalla-2026-03-09-225747-1024x545.png 1024w, https:\/\/radiojabato.es\/wp-content\/uploads\/2026\/03\/Captura-de-pantalla-2026-03-09-225747-300x160.png 300w, https:\/\/radiojabato.es\/wp-content\/uploads\/2026\/03\/Captura-de-pantalla-2026-03-09-225747-768x409.png 768w, https:\/\/radiojabato.es\/wp-content\/uploads\/2026\/03\/Captura-de-pantalla-2026-03-09-225747.png 1799w\" sizes=\"auto, (max-width: 1024px) 100vw, 1024px\" \/><\/figure>\n\n\n\n<figure class=\"wp-block-image size-large\"><img loading=\"lazy\" decoding=\"async\" width=\"994\" height=\"978\" data-id=\"8863\" src=\"https:\/\/radiojabato.es\/wp-content\/uploads\/2026\/03\/photo_2026-03-09_18-51-04.jpg\" alt=\"\" class=\"wp-image-8863\" srcset=\"https:\/\/radiojabato.es\/wp-content\/uploads\/2026\/03\/photo_2026-03-09_18-51-04.jpg 994w, https:\/\/radiojabato.es\/wp-content\/uploads\/2026\/03\/photo_2026-03-09_18-51-04-300x295.jpg 300w, https:\/\/radiojabato.es\/wp-content\/uploads\/2026\/03\/photo_2026-03-09_18-51-04-768x756.jpg 768w\" sizes=\"auto, (max-width: 994px) 100vw, 994px\" \/><\/figure>\n<\/figure>\n","protected":false},"excerpt":{"rendered":"<p>Sergi entrevista a Noe, @wandaysuslibros, donde ellos fueron diagnosticados de Trastorno de Identidad Disociativa cuando \u201cEl Cuerpo\u201d ten\u00eda 21 a\u00f1os, cuenta su vivencia con sus identidades, c\u00f3mo conviven y relacionan. [&hellip;]<\/p>\n","protected":false},"author":2,"featured_media":0,"comment_status":"open","ping_status":"open","sticky":false,"template":"","format":"standard","meta":{"footnotes":""},"categories":[2211],"tags":[505,988,48,305,2213,2212,2174,2289],"class_list":["post-8862","post","type-post","status-publish","format-standard","hentry","category-identidades-en-frecuencia","tag-enfermedad-mental","tag-estigma-social","tag-radio-jabato","tag-salud-mental","tag-sergi-march","tag-tid","tag-trastorno-de-identidad-disociativo","tag-wanda-sanchez-de-los-bosques"],"_links":{"self":[{"href":"https:\/\/radiojabato.es\/index.php?rest_route=\/wp\/v2\/posts\/8862","targetHints":{"allow":["GET"]}}],"collection":[{"href":"https:\/\/radiojabato.es\/index.php?rest_route=\/wp\/v2\/posts"}],"about":[{"href":"https:\/\/radiojabato.es\/index.php?rest_route=\/wp\/v2\/types\/post"}],"author":[{"embeddable":true,"href":"https:\/\/radiojabato.es\/index.php?rest_route=\/wp\/v2\/users\/2"}],"replies":[{"embeddable":true,"href":"https:\/\/radiojabato.es\/index.php?rest_route=%2Fwp%2Fv2%2Fcomments&post=8862"}],"version-history":[{"count":1,"href":"https:\/\/radiojabato.es\/index.php?rest_route=\/wp\/v2\/posts\/8862\/revisions"}],"predecessor-version":[{"id":8865,"href":"https:\/\/radiojabato.es\/index.php?rest_route=\/wp\/v2\/posts\/8862\/revisions\/8865"}],"wp:attachment":[{"href":"https:\/\/radiojabato.es\/index.php?rest_route=%2Fwp%2Fv2%2Fmedia&parent=8862"}],"wp:term":[{"taxonomy":"category","embeddable":true,"href":"https:\/\/radiojabato.es\/index.php?rest_route=%2Fwp%2Fv2%2Fcategories&post=8862"},{"taxonomy":"post_tag","embeddable":true,"href":"https:\/\/radiojabato.es\/index.php?rest_route=%2Fwp%2Fv2%2Ftags&post=8862"}],"curies":[{"name":"wp","href":"https:\/\/api.w.org\/{rel}","templated":true}]}}