{"id":8395,"date":"2026-03-05T13:03:12","date_gmt":"2026-03-05T13:03:12","guid":{"rendered":"https:\/\/radiojabato.es\/?p=8395"},"modified":"2026-03-05T13:03:12","modified_gmt":"2026-03-05T13:03:12","slug":"coslada-accesible-carmen-massanet-iulian-ionut-abagiu-y-loly-ayuma-prodigios-de-la-musica","status":"publish","type":"post","link":"https:\/\/radiojabato.es\/?p=8395","title":{"rendered":"COSLADA ACCESIBLE: \u00abCarmen Massanet, Iulian Ionut Abagiu y Loly Ayuma, prodigios de la m\u00fasica\u201d."},"content":{"rendered":"\n<iframe src=\"https:\/\/www.ivoox.com\/player_ej_169595183_6_1.html?c1=f9ea0c\" width=\"100%\" height=\"200\" frameborder=\"0\" allowfullscreen=\"\" scrolling=\"no\" loading=\"lazy\"><\/iframe>\n\n\n\n<figure class=\"wp-block-embed is-type-video is-provider-youtube wp-block-embed-youtube wp-embed-aspect-16-9 wp-has-aspect-ratio\"><div class=\"wp-block-embed__wrapper\">\n<iframe loading=\"lazy\" title=\"COSLADA ACCESIBLE: &quot;Carmen Massanet, Iulian Ionut Abagiu y Loly Ayuma, prodigios de la m\u00fasica\u201d.\" width=\"750\" height=\"422\" src=\"https:\/\/www.youtube.com\/embed\/kqycDh4P1eA?feature=oembed\" frameborder=\"0\" allow=\"accelerometer; autoplay; clipboard-write; encrypted-media; gyroscope; picture-in-picture; web-share\" referrerpolicy=\"strict-origin-when-cross-origin\" allowfullscreen><\/iframe>\n<\/div><\/figure>\n\n\n\n<p>Programa de marzo de Coslada Accesible. Este es un programa muy musical, dos m\u00fasicos ciegos Iulian Ionut Abagiu, pianista cl\u00e1sico y Carmen Massanet, Soprano L\u00edrico, de la mano de la ya conocida cantante Loly Ayuma, componemos una agradable conversaci\u00f3n donde nos cuentan desde sus inicios en su infancia, hasta los proyectos de futuro. Comprobamos, en esta tertulia radiof\u00f3nica, la calidad y talento de estos grandes prodigios de la m\u00fasica y su calidez personal.<\/p>\n\n\n\n<figure class=\"wp-block-gallery has-nested-images columns-default is-cropped wp-block-gallery-1 is-layout-flex wp-block-gallery-is-layout-flex\">\n<figure class=\"wp-block-image size-large\"><img loading=\"lazy\" decoding=\"async\" width=\"1024\" height=\"768\" data-id=\"8399\" src=\"https:\/\/radiojabato.es\/wp-content\/uploads\/2026\/03\/photo_6_2026-03-05_13-30-32-1-1024x768.jpg\" alt=\"\" class=\"wp-image-8399\" srcset=\"https:\/\/radiojabato.es\/wp-content\/uploads\/2026\/03\/photo_6_2026-03-05_13-30-32-1-1024x768.jpg 1024w, https:\/\/radiojabato.es\/wp-content\/uploads\/2026\/03\/photo_6_2026-03-05_13-30-32-1-300x225.jpg 300w, https:\/\/radiojabato.es\/wp-content\/uploads\/2026\/03\/photo_6_2026-03-05_13-30-32-1-768x576.jpg 768w, https:\/\/radiojabato.es\/wp-content\/uploads\/2026\/03\/photo_6_2026-03-05_13-30-32-1.jpg 1280w\" sizes=\"auto, (max-width: 1024px) 100vw, 1024px\" \/><\/figure>\n\n\n\n<figure class=\"wp-block-image size-large\"><img loading=\"lazy\" decoding=\"async\" width=\"1024\" height=\"768\" data-id=\"8400\" src=\"https:\/\/radiojabato.es\/wp-content\/uploads\/2026\/03\/photo_7_2026-03-05_13-30-32-2-1024x768.jpg\" alt=\"\" class=\"wp-image-8400\" srcset=\"https:\/\/radiojabato.es\/wp-content\/uploads\/2026\/03\/photo_7_2026-03-05_13-30-32-2-1024x768.jpg 1024w, https:\/\/radiojabato.es\/wp-content\/uploads\/2026\/03\/photo_7_2026-03-05_13-30-32-2-300x225.jpg 300w, https:\/\/radiojabato.es\/wp-content\/uploads\/2026\/03\/photo_7_2026-03-05_13-30-32-2-768x576.jpg 768w, https:\/\/radiojabato.es\/wp-content\/uploads\/2026\/03\/photo_7_2026-03-05_13-30-32-2.jpg 1280w\" sizes=\"auto, (max-width: 1024px) 100vw, 1024px\" \/><\/figure>\n<\/figure>\n","protected":false},"excerpt":{"rendered":"<p>Programa de marzo de Coslada Accesible. Este es un programa muy musical, dos m\u00fasicos ciegos Iulian Ionut Abagiu, pianista cl\u00e1sico y Carmen Massanet, Soprano L\u00edrico, de la mano de la [&hellip;]<\/p>\n","protected":false},"author":2,"featured_media":0,"comment_status":"open","ping_status":"open","sticky":false,"template":"","format":"standard","meta":{"footnotes":""},"categories":[337],"tags":[1781,2282,493,2281,2283,1895,2284,48,2285],"class_list":["post-8395","post","type-post","status-publish","format-standard","hentry","category-coslada-accesible","tag-cantante","tag-carmen-massanet","tag-coslada-accesible","tag-iulian-ionut-abagiu","tag-loly-ayuma","tag-musicos-ciegos","tag-pianista","tag-radio-jabato","tag-soprano-lirica"],"_links":{"self":[{"href":"https:\/\/radiojabato.es\/index.php?rest_route=\/wp\/v2\/posts\/8395","targetHints":{"allow":["GET"]}}],"collection":[{"href":"https:\/\/radiojabato.es\/index.php?rest_route=\/wp\/v2\/posts"}],"about":[{"href":"https:\/\/radiojabato.es\/index.php?rest_route=\/wp\/v2\/types\/post"}],"author":[{"embeddable":true,"href":"https:\/\/radiojabato.es\/index.php?rest_route=\/wp\/v2\/users\/2"}],"replies":[{"embeddable":true,"href":"https:\/\/radiojabato.es\/index.php?rest_route=%2Fwp%2Fv2%2Fcomments&post=8395"}],"version-history":[{"count":1,"href":"https:\/\/radiojabato.es\/index.php?rest_route=\/wp\/v2\/posts\/8395\/revisions"}],"predecessor-version":[{"id":8401,"href":"https:\/\/radiojabato.es\/index.php?rest_route=\/wp\/v2\/posts\/8395\/revisions\/8401"}],"wp:attachment":[{"href":"https:\/\/radiojabato.es\/index.php?rest_route=%2Fwp%2Fv2%2Fmedia&parent=8395"}],"wp:term":[{"taxonomy":"category","embeddable":true,"href":"https:\/\/radiojabato.es\/index.php?rest_route=%2Fwp%2Fv2%2Fcategories&post=8395"},{"taxonomy":"post_tag","embeddable":true,"href":"https:\/\/radiojabato.es\/index.php?rest_route=%2Fwp%2Fv2%2Ftags&post=8395"}],"curies":[{"name":"wp","href":"https:\/\/api.w.org\/{rel}","templated":true}]}}