{"id":8382,"date":"2026-03-04T21:02:03","date_gmt":"2026-03-04T21:02:03","guid":{"rendered":"https:\/\/radiojabato.es\/?p=8382"},"modified":"2026-03-04T21:02:03","modified_gmt":"2026-03-04T21:02:03","slug":"abrimos-la-puerta-encarna-carretero-asociacion-nacional-para-la-defensa-de-los-animales-anda","status":"publish","type":"post","link":"https:\/\/radiojabato.es\/?p=8382","title":{"rendered":"ABRIMOS LA PUERTA: \u201cEncarna Carretero, Asociaci\u00f3n Nacional Para La Defensa De Los Animales (ANDA)\u201d."},"content":{"rendered":"\n<iframe src=\"https:\/\/www.ivoox.com\/player_ej_169550490_6_1.html?c1=d11212\" width=\"100%\" height=\"200\" frameborder=\"0\" allowfullscreen=\"\" scrolling=\"no\" loading=\"lazy\"><\/iframe>\n\n\n\n<figure class=\"wp-block-embed is-type-video is-provider-youtube wp-block-embed-youtube wp-embed-aspect-16-9 wp-has-aspect-ratio\"><div class=\"wp-block-embed__wrapper\">\n<iframe loading=\"lazy\" title=\"ABRIMOS LA PUERTA: \u201cEncarna Carretero, Asociaci\u00f3n Nacional Para La Defensa De Los Animales (ANDA)\u201d.\" width=\"750\" height=\"422\" src=\"https:\/\/www.youtube.com\/embed\/mOyNho5A6IY?feature=oembed\" frameborder=\"0\" allow=\"accelerometer; autoplay; clipboard-write; encrypted-media; gyroscope; picture-in-picture; web-share\" referrerpolicy=\"strict-origin-when-cross-origin\" allowfullscreen><\/iframe>\n<\/div><\/figure>\n\n\n\n<p>Hoy nos reencontramos con Encarna Carretero de ANDA (Asociaci\u00f3n Nacional Defensa de los Animales).<\/p>\n\n\n\n<p>Nos cuenta sobre la Iniciativa Legislativa Popular (ILP) tumbada por la abstenci\u00f3n del Partido Socialista Obrero Espa\u00f1ol (PSOE), sobre los menores en la tauromaquia, las becerradas, Encarna Carretero vuelve a desmontar con argumentos claros y contundentes a la Tauromaquia.<\/p>\n\n\n\n<p>\u00abNo han tumbado una ILP, han intentado silenciar a m\u00e1s de 715.000 voces. Han tratado de borrar el esfuerzo de miles de personas que creyeron en la democracia y lo \u00fanico que demostraron es que cuando el pueblo habla demasiado alto, prefieren taparse los o\u00eddos. Hay algo que no pueden silenciar porque las ideas no se destruyen en un hemiciclo, las convicciones no se tumban con un voto. Nada detiene a un pueblo cuando su lucha nace del coraz\u00f3n. Siete de cada diez personas en nuestro pa\u00eds rechazan la tauromaquia\u00bb.<\/p>\n\n\n\n<figure class=\"wp-block-embed is-type-wp-embed is-provider-andacentral wp-block-embed-andacentral\"><div class=\"wp-block-embed__wrapper\">\n<blockquote class=\"wp-embedded-content\" data-secret=\"A0dtZQDRQ1\"><a href=\"https:\/\/andacentral.org\/\">Homepage<\/a><\/blockquote><iframe loading=\"lazy\" class=\"wp-embedded-content\" sandbox=\"allow-scripts\" security=\"restricted\" style=\"position: absolute; visibility: hidden;\" title=\"\u00abHomepage\u00bb \u2014 andacentral\" src=\"https:\/\/andacentral.org\/embed\/#?secret=A0dtZQDRQ1\" data-secret=\"A0dtZQDRQ1\" width=\"600\" height=\"338\" frameborder=\"0\" marginwidth=\"0\" marginheight=\"0\" scrolling=\"no\"><\/iframe>\n<\/div><\/figure>\n\n\n\n<p>M\u00fasica<\/p>\n\n\n\n<p>Much\u00edsimas gracias a KEEKC \u00e1lbum spectral rhymes producido por \u00d3scar3. \u00d3scar P\u00e9rez, por cedernos su canci\u00f3n \u00abLa tortura no es cultura\u00bb.<\/p>\n\n\n\n<figure class=\"wp-block-image size-large is-resized\"><img loading=\"lazy\" decoding=\"async\" width=\"1024\" height=\"892\" src=\"https:\/\/radiojabato.es\/wp-content\/uploads\/2026\/03\/photo_2026-03-04_20-52-53-1024x892.jpg\" alt=\"\" class=\"wp-image-8383\" style=\"aspect-ratio:1.1479941291585127;width:181px;height:auto\" srcset=\"https:\/\/radiojabato.es\/wp-content\/uploads\/2026\/03\/photo_2026-03-04_20-52-53-1024x892.jpg 1024w, https:\/\/radiojabato.es\/wp-content\/uploads\/2026\/03\/photo_2026-03-04_20-52-53-300x261.jpg 300w, https:\/\/radiojabato.es\/wp-content\/uploads\/2026\/03\/photo_2026-03-04_20-52-53-768x669.jpg 768w, https:\/\/radiojabato.es\/wp-content\/uploads\/2026\/03\/photo_2026-03-04_20-52-53.jpg 1240w\" sizes=\"auto, (max-width: 1024px) 100vw, 1024px\" \/><\/figure>\n\n\n\n<p><\/p>\n","protected":false},"excerpt":{"rendered":"<p>Hoy nos reencontramos con Encarna Carretero de ANDA (Asociaci\u00f3n Nacional Defensa de los Animales). Nos cuenta sobre la Iniciativa Legislativa Popular (ILP) tumbada por la abstenci\u00f3n del Partido Socialista Obrero [&hellip;]<\/p>\n","protected":false},"author":2,"featured_media":0,"comment_status":"open","ping_status":"open","sticky":false,"template":"","format":"standard","meta":{"footnotes":""},"categories":[784],"tags":[2277,2080,1518,2278,2280,2279,48],"class_list":["post-8382","post","type-post","status-publish","format-standard","hentry","category-abrimos-la-puerta","tag-abrimos-la-puerta-en-radio-jabato","tag-ana-lopez-khi-4","tag-anda","tag-defensa-animal","tag-encarna-carretero","tag-proteccion-animal-2","tag-radio-jabato"],"_links":{"self":[{"href":"https:\/\/radiojabato.es\/index.php?rest_route=\/wp\/v2\/posts\/8382","targetHints":{"allow":["GET"]}}],"collection":[{"href":"https:\/\/radiojabato.es\/index.php?rest_route=\/wp\/v2\/posts"}],"about":[{"href":"https:\/\/radiojabato.es\/index.php?rest_route=\/wp\/v2\/types\/post"}],"author":[{"embeddable":true,"href":"https:\/\/radiojabato.es\/index.php?rest_route=\/wp\/v2\/users\/2"}],"replies":[{"embeddable":true,"href":"https:\/\/radiojabato.es\/index.php?rest_route=%2Fwp%2Fv2%2Fcomments&post=8382"}],"version-history":[{"count":1,"href":"https:\/\/radiojabato.es\/index.php?rest_route=\/wp\/v2\/posts\/8382\/revisions"}],"predecessor-version":[{"id":8384,"href":"https:\/\/radiojabato.es\/index.php?rest_route=\/wp\/v2\/posts\/8382\/revisions\/8384"}],"wp:attachment":[{"href":"https:\/\/radiojabato.es\/index.php?rest_route=%2Fwp%2Fv2%2Fmedia&parent=8382"}],"wp:term":[{"taxonomy":"category","embeddable":true,"href":"https:\/\/radiojabato.es\/index.php?rest_route=%2Fwp%2Fv2%2Fcategories&post=8382"},{"taxonomy":"post_tag","embeddable":true,"href":"https:\/\/radiojabato.es\/index.php?rest_route=%2Fwp%2Fv2%2Ftags&post=8382"}],"curies":[{"name":"wp","href":"https:\/\/api.w.org\/{rel}","templated":true}]}}