{"id":8355,"date":"2026-03-03T10:38:56","date_gmt":"2026-03-03T10:38:56","guid":{"rendered":"https:\/\/radiojabato.es\/?p=8355"},"modified":"2026-03-03T10:38:56","modified_gmt":"2026-03-03T10:38:56","slug":"xqsomos1-isabel-usuaria-de-la-red-de-salud-mental","status":"publish","type":"post","link":"https:\/\/radiojabato.es\/?p=8355","title":{"rendered":"XQsomos1+: \u00abIsabel, Usuaria De La Red De Salud Mental\u00bb."},"content":{"rendered":"\n<iframe src=\"https:\/\/www.ivoox.com\/player_ej_169387309_6_1.html?c1=3c3c3c\" width=\"100%\" height=\"200\" frameborder=\"0\" allowfullscreen=\"\" scrolling=\"no\" loading=\"lazy\"><\/iframe>\n\n\n\n<figure class=\"wp-block-embed is-type-video is-provider-youtube wp-block-embed-youtube wp-embed-aspect-16-9 wp-has-aspect-ratio\"><div class=\"wp-block-embed__wrapper\">\n<iframe loading=\"lazy\" title=\"XQsomos1+: &quot;Isabel, Usuaria De La Red De Salud Mental&quot;.\" width=\"750\" height=\"422\" src=\"https:\/\/www.youtube.com\/embed\/Re63OPU2KDQ?feature=oembed\" frameborder=\"0\" allow=\"accelerometer; autoplay; clipboard-write; encrypted-media; gyroscope; picture-in-picture; web-share\" referrerpolicy=\"strict-origin-when-cross-origin\" allowfullscreen><\/iframe>\n<\/div><\/figure>\n\n\n\n<p>Entrevista a Isabel, Usuaria de la red de salud mental que nos cuenta c\u00f3mo sus expectativas al llegar al recurso de rehabilitaci\u00f3n cambiaron aumentando su motivaci\u00f3n y participaci\u00f3n, da importancia al apoyo familiar y profesional para eliminar el estigma social de la salud mental.<\/p>\n\n\n\n<figure class=\"wp-block-gallery has-nested-images columns-default is-cropped wp-block-gallery-1 is-layout-flex wp-block-gallery-is-layout-flex\">\n<figure class=\"wp-block-image size-large\"><img loading=\"lazy\" decoding=\"async\" width=\"1024\" height=\"768\" data-id=\"8357\" src=\"https:\/\/radiojabato.es\/wp-content\/uploads\/2026\/03\/photo_1_2026-02-24_09-35-04-1024x768.jpg\" alt=\"\" class=\"wp-image-8357\" srcset=\"https:\/\/radiojabato.es\/wp-content\/uploads\/2026\/03\/photo_1_2026-02-24_09-35-04-1024x768.jpg 1024w, https:\/\/radiojabato.es\/wp-content\/uploads\/2026\/03\/photo_1_2026-02-24_09-35-04-300x225.jpg 300w, https:\/\/radiojabato.es\/wp-content\/uploads\/2026\/03\/photo_1_2026-02-24_09-35-04-768x576.jpg 768w, https:\/\/radiojabato.es\/wp-content\/uploads\/2026\/03\/photo_1_2026-02-24_09-35-04.jpg 1280w\" sizes=\"auto, (max-width: 1024px) 100vw, 1024px\" \/><\/figure>\n\n\n\n<figure class=\"wp-block-image size-large\"><img loading=\"lazy\" decoding=\"async\" width=\"1024\" height=\"768\" data-id=\"8356\" src=\"https:\/\/radiojabato.es\/wp-content\/uploads\/2026\/03\/photo_3_2026-02-24_09-35-04-1024x768.jpg\" alt=\"\" class=\"wp-image-8356\" srcset=\"https:\/\/radiojabato.es\/wp-content\/uploads\/2026\/03\/photo_3_2026-02-24_09-35-04-1024x768.jpg 1024w, https:\/\/radiojabato.es\/wp-content\/uploads\/2026\/03\/photo_3_2026-02-24_09-35-04-300x225.jpg 300w, https:\/\/radiojabato.es\/wp-content\/uploads\/2026\/03\/photo_3_2026-02-24_09-35-04-768x576.jpg 768w, https:\/\/radiojabato.es\/wp-content\/uploads\/2026\/03\/photo_3_2026-02-24_09-35-04.jpg 1280w\" sizes=\"auto, (max-width: 1024px) 100vw, 1024px\" \/><\/figure>\n<\/figure>\n\n\n\n<p><\/p>\n","protected":false},"excerpt":{"rendered":"<p>Entrevista a Isabel, Usuaria de la red de salud mental que nos cuenta c\u00f3mo sus expectativas al llegar al recurso de rehabilitaci\u00f3n cambiaron aumentando su motivaci\u00f3n y participaci\u00f3n, da importancia [&hellip;]<\/p>\n","protected":false},"author":2,"featured_media":0,"comment_status":"open","ping_status":"open","sticky":false,"template":"","format":"standard","meta":{"footnotes":""},"categories":[1449],"tags":[505,988,48,305,2202],"class_list":["post-8355","post","type-post","status-publish","format-standard","hentry","category-xq-somos-1","tag-enfermedad-mental","tag-estigma-social","tag-radio-jabato","tag-salud-mental","tag-xqsomos1"],"_links":{"self":[{"href":"https:\/\/radiojabato.es\/index.php?rest_route=\/wp\/v2\/posts\/8355","targetHints":{"allow":["GET"]}}],"collection":[{"href":"https:\/\/radiojabato.es\/index.php?rest_route=\/wp\/v2\/posts"}],"about":[{"href":"https:\/\/radiojabato.es\/index.php?rest_route=\/wp\/v2\/types\/post"}],"author":[{"embeddable":true,"href":"https:\/\/radiojabato.es\/index.php?rest_route=\/wp\/v2\/users\/2"}],"replies":[{"embeddable":true,"href":"https:\/\/radiojabato.es\/index.php?rest_route=%2Fwp%2Fv2%2Fcomments&post=8355"}],"version-history":[{"count":1,"href":"https:\/\/radiojabato.es\/index.php?rest_route=\/wp\/v2\/posts\/8355\/revisions"}],"predecessor-version":[{"id":8358,"href":"https:\/\/radiojabato.es\/index.php?rest_route=\/wp\/v2\/posts\/8355\/revisions\/8358"}],"wp:attachment":[{"href":"https:\/\/radiojabato.es\/index.php?rest_route=%2Fwp%2Fv2%2Fmedia&parent=8355"}],"wp:term":[{"taxonomy":"category","embeddable":true,"href":"https:\/\/radiojabato.es\/index.php?rest_route=%2Fwp%2Fv2%2Fcategories&post=8355"},{"taxonomy":"post_tag","embeddable":true,"href":"https:\/\/radiojabato.es\/index.php?rest_route=%2Fwp%2Fv2%2Ftags&post=8355"}],"curies":[{"name":"wp","href":"https:\/\/api.w.org\/{rel}","templated":true}]}}