{"id":7759,"date":"2026-01-22T20:57:33","date_gmt":"2026-01-22T20:57:33","guid":{"rendered":"https:\/\/radiojabato.es\/?p=7759"},"modified":"2026-01-22T20:57:33","modified_gmt":"2026-01-22T20:57:33","slug":"sin-palos-en-las-ruedas-10-anos-bidafarma-celulas-madre-sumando-voces-legal","status":"publish","type":"post","link":"https:\/\/radiojabato.es\/?p=7759","title":{"rendered":"SIN PALOS EN LAS RUEDAS: \u201c10 a\u00f1os BIDAFARMA, C\u00e9lulas Madre, Sumando Voces, Legal\u201d."},"content":{"rendered":"\n<iframe src=\"https:\/\/www.ivoox.com\/player_ej_167195754_6_1.html?c1=c03944\" width=\"100%\" height=\"200\" frameborder=\"0\" allowfullscreen=\"\" scrolling=\"no\" loading=\"lazy\"><\/iframe>\n\n\n\n<figure class=\"wp-block-embed is-type-video is-provider-youtube wp-block-embed-youtube wp-embed-aspect-16-9 wp-has-aspect-ratio\"><div class=\"wp-block-embed__wrapper\">\n<iframe loading=\"lazy\" title=\"SIN PALOS EN LAS RUEDAS: \u201c10 a\u00f1os BIDAFARMA, C\u00e9lulas Madre, Sumando Voces, Legal\u201d.\" width=\"750\" height=\"422\" src=\"https:\/\/www.youtube.com\/embed\/fDZFhF82WG8?feature=oembed\" frameborder=\"0\" allow=\"accelerometer; autoplay; clipboard-write; encrypted-media; gyroscope; picture-in-picture; web-share\" referrerpolicy=\"strict-origin-when-cross-origin\" allowfullscreen><\/iframe>\n<\/div><\/figure>\n\n\n\n<p>Arrancamos con los consejos de Educaci\u00f3n Inclusiva y las \u201crutinas para la educaci\u00f3n.<\/p>\n\n\n\n<p>Continuamos con el aniversario de BIDAFARMA con Luis L\u00f3pez, gerente del almac\u00e9n de Madrid Sur y Miguel Montserrat, gerente del almac\u00e9n de Madrid Norte.<\/p>\n\n\n\n<p>A continuaci\u00f3n, con la Dra.Marcela Hern\u00e1ndez Rico, directora cient\u00edfica Am\u00e9rica Cell Bank y Severiano Dos Anjos Vilaboa, bi\u00f3logo con doctorado en Biolog\u00eda Celular y Molecular y director en el laboratorio VidaCord, hablamos de la viabilidad de la Medicina Regenerativa (terapias celulares y equipos de biof\u00edsica) para ayudar en la longevidad, dolor articular y recuperaci\u00f3n de dolencias f\u00edsicas.<\/p>\n\n\n\n<p>En Cosas Curiosas que pasan de Miriam Fern\u00e1ndez, cantante, actriz y coach, tenemos a Lorena G\u00f3mez, cantante que presenta su nuevo EP \u201cSumando Voces\u201d es una iniciativa musical y social impulsada por la Fundaci\u00f3n Mutua de Propietarios para promover la accesibilidad universal y la inclusi\u00f3n de las personas con movilidad reducida.<\/p>\n\n\n\n<p>Cerrando con Christian y la secci\u00f3n \u201cDerechos y Discapacidad\u201d.<\/p>\n\n\n\n<figure class=\"wp-block-gallery has-nested-images columns-default is-cropped wp-block-gallery-1 is-layout-flex wp-block-gallery-is-layout-flex\">\n<figure class=\"wp-block-image size-large\"><img loading=\"lazy\" decoding=\"async\" width=\"768\" height=\"1024\" data-id=\"7761\" src=\"https:\/\/radiojabato.es\/wp-content\/uploads\/2026\/01\/luis-lopez-768x1024.jpg\" alt=\"\" class=\"wp-image-7761\" srcset=\"https:\/\/radiojabato.es\/wp-content\/uploads\/2026\/01\/luis-lopez-768x1024.jpg 768w, https:\/\/radiojabato.es\/wp-content\/uploads\/2026\/01\/luis-lopez-225x300.jpg 225w, https:\/\/radiojabato.es\/wp-content\/uploads\/2026\/01\/luis-lopez.jpg 960w\" sizes=\"auto, (max-width: 768px) 100vw, 768px\" \/><\/figure>\n\n\n\n<figure class=\"wp-block-image size-large\"><img loading=\"lazy\" decoding=\"async\" width=\"768\" height=\"1024\" data-id=\"7760\" src=\"https:\/\/radiojabato.es\/wp-content\/uploads\/2026\/01\/miguel-monserrat-768x1024.jpg\" alt=\"\" class=\"wp-image-7760\" srcset=\"https:\/\/radiojabato.es\/wp-content\/uploads\/2026\/01\/miguel-monserrat-768x1024.jpg 768w, https:\/\/radiojabato.es\/wp-content\/uploads\/2026\/01\/miguel-monserrat-225x300.jpg 225w, https:\/\/radiojabato.es\/wp-content\/uploads\/2026\/01\/miguel-monserrat.jpg 960w\" sizes=\"auto, (max-width: 768px) 100vw, 768px\" \/><\/figure>\n\n\n\n<figure class=\"wp-block-image size-large\"><img loading=\"lazy\" decoding=\"async\" width=\"768\" height=\"1024\" data-id=\"7763\" src=\"https:\/\/radiojabato.es\/wp-content\/uploads\/2026\/01\/photo_1_2026-01-22_19-27-22-768x1024.jpg\" alt=\"\" class=\"wp-image-7763\" srcset=\"https:\/\/radiojabato.es\/wp-content\/uploads\/2026\/01\/photo_1_2026-01-22_19-27-22-768x1024.jpg 768w, https:\/\/radiojabato.es\/wp-content\/uploads\/2026\/01\/photo_1_2026-01-22_19-27-22-225x300.jpg 225w, https:\/\/radiojabato.es\/wp-content\/uploads\/2026\/01\/photo_1_2026-01-22_19-27-22.jpg 960w\" sizes=\"auto, (max-width: 768px) 100vw, 768px\" \/><\/figure>\n\n\n\n<figure class=\"wp-block-image size-large\"><img loading=\"lazy\" decoding=\"async\" width=\"768\" height=\"1024\" data-id=\"7764\" src=\"https:\/\/radiojabato.es\/wp-content\/uploads\/2026\/01\/photo_2_2026-01-22_19-27-22-768x1024.jpg\" alt=\"\" class=\"wp-image-7764\" srcset=\"https:\/\/radiojabato.es\/wp-content\/uploads\/2026\/01\/photo_2_2026-01-22_19-27-22-768x1024.jpg 768w, https:\/\/radiojabato.es\/wp-content\/uploads\/2026\/01\/photo_2_2026-01-22_19-27-22-225x300.jpg 225w, https:\/\/radiojabato.es\/wp-content\/uploads\/2026\/01\/photo_2_2026-01-22_19-27-22.jpg 960w\" sizes=\"auto, (max-width: 768px) 100vw, 768px\" \/><\/figure>\n\n\n\n<figure class=\"wp-block-image size-large\"><img loading=\"lazy\" decoding=\"async\" width=\"768\" height=\"1024\" data-id=\"7762\" src=\"https:\/\/radiojabato.es\/wp-content\/uploads\/2026\/01\/photo_6_2026-01-22_19-27-22-768x1024.jpg\" alt=\"\" class=\"wp-image-7762\" srcset=\"https:\/\/radiojabato.es\/wp-content\/uploads\/2026\/01\/photo_6_2026-01-22_19-27-22-768x1024.jpg 768w, https:\/\/radiojabato.es\/wp-content\/uploads\/2026\/01\/photo_6_2026-01-22_19-27-22-225x300.jpg 225w, https:\/\/radiojabato.es\/wp-content\/uploads\/2026\/01\/photo_6_2026-01-22_19-27-22.jpg 960w\" sizes=\"auto, (max-width: 768px) 100vw, 768px\" \/><\/figure>\n<\/figure>\n","protected":false},"excerpt":{"rendered":"<p>Arrancamos con los consejos de Educaci\u00f3n Inclusiva y las \u201crutinas para la educaci\u00f3n. Continuamos con el aniversario de BIDAFARMA con Luis L\u00f3pez, gerente del almac\u00e9n de Madrid Sur y Miguel [&hellip;]<\/p>\n","protected":false},"author":2,"featured_media":0,"comment_status":"open","ping_status":"open","sticky":false,"template":"","format":"standard","meta":{"footnotes":""},"categories":[1625],"tags":[2238,2239,332,700,1630,2241,2240,48],"class_list":["post-7759","post","type-post","status-publish","format-standard","hentry","category-sin-palos-en-las-ruedas","tag-bidafarma","tag-celulas-madre","tag-discapacidad","tag-famma-cocemfe","tag-fundacion-360-para-la-autonomia-personal","tag-lorena-gomez","tag-miriam-fernandez","tag-radio-jabato"],"_links":{"self":[{"href":"https:\/\/radiojabato.es\/index.php?rest_route=\/wp\/v2\/posts\/7759","targetHints":{"allow":["GET"]}}],"collection":[{"href":"https:\/\/radiojabato.es\/index.php?rest_route=\/wp\/v2\/posts"}],"about":[{"href":"https:\/\/radiojabato.es\/index.php?rest_route=\/wp\/v2\/types\/post"}],"author":[{"embeddable":true,"href":"https:\/\/radiojabato.es\/index.php?rest_route=\/wp\/v2\/users\/2"}],"replies":[{"embeddable":true,"href":"https:\/\/radiojabato.es\/index.php?rest_route=%2Fwp%2Fv2%2Fcomments&post=7759"}],"version-history":[{"count":1,"href":"https:\/\/radiojabato.es\/index.php?rest_route=\/wp\/v2\/posts\/7759\/revisions"}],"predecessor-version":[{"id":7765,"href":"https:\/\/radiojabato.es\/index.php?rest_route=\/wp\/v2\/posts\/7759\/revisions\/7765"}],"wp:attachment":[{"href":"https:\/\/radiojabato.es\/index.php?rest_route=%2Fwp%2Fv2%2Fmedia&parent=7759"}],"wp:term":[{"taxonomy":"category","embeddable":true,"href":"https:\/\/radiojabato.es\/index.php?rest_route=%2Fwp%2Fv2%2Fcategories&post=7759"},{"taxonomy":"post_tag","embeddable":true,"href":"https:\/\/radiojabato.es\/index.php?rest_route=%2Fwp%2Fv2%2Ftags&post=7759"}],"curies":[{"name":"wp","href":"https:\/\/api.w.org\/{rel}","templated":true}]}}