{"id":7547,"date":"2026-01-14T07:27:25","date_gmt":"2026-01-14T07:27:25","guid":{"rendered":"https:\/\/radiojabato.es\/?p=7547"},"modified":"2026-01-14T07:27:25","modified_gmt":"2026-01-14T07:27:25","slug":"xqsomos1-abde-experiencias-desde-la-adolescencia","status":"publish","type":"post","link":"https:\/\/radiojabato.es\/?p=7547","title":{"rendered":"XQSOMOS1+: \u00abAbde, Experiencias Desde La Adolescencia\u00bb."},"content":{"rendered":"\n<iframe src=\"https:\/\/www.ivoox.com\/player_ej_166714594_6_1.html?c1=3c3c3c\" width=\"100%\" height=\"200\" frameborder=\"0\" allowfullscreen=\"\" scrolling=\"no\" loading=\"lazy\"><\/iframe>\n\n\n\n<figure class=\"wp-block-embed is-type-video is-provider-youtube wp-block-embed-youtube wp-embed-aspect-16-9 wp-has-aspect-ratio\"><div class=\"wp-block-embed__wrapper\">\n<iframe loading=\"lazy\" title=\"XQSOMOS1+: &quot;Abde, Experiencias Desde La Adolescencia&quot;.\" width=\"750\" height=\"422\" src=\"https:\/\/www.youtube.com\/embed\/30NuHDRaPNU?feature=oembed\" frameborder=\"0\" allow=\"accelerometer; autoplay; clipboard-write; encrypted-media; gyroscope; picture-in-picture; web-share\" referrerpolicy=\"strict-origin-when-cross-origin\" allowfullscreen><\/iframe>\n<\/div><\/figure>\n\n\n\n<p>Entrevista a Adbe, quien comparte su experiencia con la salud mental desde su adolescencia. Durante un tiempo pensaba que todo estaba bien, pero su realidad estaba distorsionada y el apoyo familiar fue clave para tomar conciencia.<br>Adbe nos recuerda la importancia de pedir ayuda y de contar con figuras externas. Tambi\u00e9n, reflexiona sobre el estigma y la falta de informaci\u00f3n, recursos y herramientas. Pero a\u00fan as\u00ed , mira al futuro con ilusi\u00f3n y con ganas de seguir form\u00e1ndose y creciendo personalmente.<\/p>\n\n\n\n<figure class=\"wp-block-gallery has-nested-images columns-default is-cropped wp-block-gallery-1 is-layout-flex wp-block-gallery-is-layout-flex\">\n<figure class=\"wp-block-image size-large\"><img loading=\"lazy\" decoding=\"async\" width=\"1024\" height=\"768\" data-id=\"7548\" src=\"https:\/\/radiojabato.es\/wp-content\/uploads\/2026\/01\/photo_3_2025-12-22_08-27-41-1024x768.jpg\" alt=\"\" class=\"wp-image-7548\" srcset=\"https:\/\/radiojabato.es\/wp-content\/uploads\/2026\/01\/photo_3_2025-12-22_08-27-41-1024x768.jpg 1024w, https:\/\/radiojabato.es\/wp-content\/uploads\/2026\/01\/photo_3_2025-12-22_08-27-41-300x225.jpg 300w, https:\/\/radiojabato.es\/wp-content\/uploads\/2026\/01\/photo_3_2025-12-22_08-27-41-768x576.jpg 768w, https:\/\/radiojabato.es\/wp-content\/uploads\/2026\/01\/photo_3_2025-12-22_08-27-41.jpg 1280w\" sizes=\"auto, (max-width: 1024px) 100vw, 1024px\" \/><\/figure>\n\n\n\n<figure class=\"wp-block-image size-large\"><img loading=\"lazy\" decoding=\"async\" width=\"768\" height=\"1024\" data-id=\"7549\" src=\"https:\/\/radiojabato.es\/wp-content\/uploads\/2026\/01\/photo_9_2025-12-22_08-27-41-768x1024.jpg\" alt=\"\" class=\"wp-image-7549\" srcset=\"https:\/\/radiojabato.es\/wp-content\/uploads\/2026\/01\/photo_9_2025-12-22_08-27-41-768x1024.jpg 768w, https:\/\/radiojabato.es\/wp-content\/uploads\/2026\/01\/photo_9_2025-12-22_08-27-41-225x300.jpg 225w, https:\/\/radiojabato.es\/wp-content\/uploads\/2026\/01\/photo_9_2025-12-22_08-27-41.jpg 960w\" sizes=\"auto, (max-width: 768px) 100vw, 768px\" \/><\/figure>\n<\/figure>\n\n\n\n<figure class=\"wp-block-image size-large is-resized\"><img loading=\"lazy\" decoding=\"async\" width=\"1024\" height=\"541\" src=\"https:\/\/radiojabato.es\/wp-content\/uploads\/2026\/01\/Abde-1024x541.jpg\" alt=\"\" class=\"wp-image-7550\" style=\"width:349px;height:auto\" srcset=\"https:\/\/radiojabato.es\/wp-content\/uploads\/2026\/01\/Abde-1024x541.jpg 1024w, https:\/\/radiojabato.es\/wp-content\/uploads\/2026\/01\/Abde-300x158.jpg 300w, https:\/\/radiojabato.es\/wp-content\/uploads\/2026\/01\/Abde-768x406.jpg 768w, https:\/\/radiojabato.es\/wp-content\/uploads\/2026\/01\/Abde.jpg 1280w\" sizes=\"auto, (max-width: 1024px) 100vw, 1024px\" \/><\/figure>\n","protected":false},"excerpt":{"rendered":"<p>Entrevista a Adbe, quien comparte su experiencia con la salud mental desde su adolescencia. Durante un tiempo pensaba que todo estaba bien, pero su realidad estaba distorsionada y el apoyo [&hellip;]<\/p>\n","protected":false},"author":2,"featured_media":0,"comment_status":"open","ping_status":"open","sticky":false,"template":"","format":"standard","meta":{"footnotes":""},"categories":[1449],"tags":[505,988,48,305,2202],"class_list":["post-7547","post","type-post","status-publish","format-standard","hentry","category-xq-somos-1","tag-enfermedad-mental","tag-estigma-social","tag-radio-jabato","tag-salud-mental","tag-xqsomos1"],"_links":{"self":[{"href":"https:\/\/radiojabato.es\/index.php?rest_route=\/wp\/v2\/posts\/7547","targetHints":{"allow":["GET"]}}],"collection":[{"href":"https:\/\/radiojabato.es\/index.php?rest_route=\/wp\/v2\/posts"}],"about":[{"href":"https:\/\/radiojabato.es\/index.php?rest_route=\/wp\/v2\/types\/post"}],"author":[{"embeddable":true,"href":"https:\/\/radiojabato.es\/index.php?rest_route=\/wp\/v2\/users\/2"}],"replies":[{"embeddable":true,"href":"https:\/\/radiojabato.es\/index.php?rest_route=%2Fwp%2Fv2%2Fcomments&post=7547"}],"version-history":[{"count":1,"href":"https:\/\/radiojabato.es\/index.php?rest_route=\/wp\/v2\/posts\/7547\/revisions"}],"predecessor-version":[{"id":7551,"href":"https:\/\/radiojabato.es\/index.php?rest_route=\/wp\/v2\/posts\/7547\/revisions\/7551"}],"wp:attachment":[{"href":"https:\/\/radiojabato.es\/index.php?rest_route=%2Fwp%2Fv2%2Fmedia&parent=7547"}],"wp:term":[{"taxonomy":"category","embeddable":true,"href":"https:\/\/radiojabato.es\/index.php?rest_route=%2Fwp%2Fv2%2Fcategories&post=7547"},{"taxonomy":"post_tag","embeddable":true,"href":"https:\/\/radiojabato.es\/index.php?rest_route=%2Fwp%2Fv2%2Ftags&post=7547"}],"curies":[{"name":"wp","href":"https:\/\/api.w.org\/{rel}","templated":true}]}}