{"id":7516,"date":"2026-01-13T20:31:57","date_gmt":"2026-01-13T20:31:57","guid":{"rendered":"https:\/\/radiojabato.es\/?p=7516"},"modified":"2026-01-13T20:31:57","modified_gmt":"2026-01-13T20:31:57","slug":"coslada-accesible-sergio-gonzalez-secretario-de-accesibilidad-y-autonomia-personal-de-famma-cocemfe-madrid","status":"publish","type":"post","link":"https:\/\/radiojabato.es\/?p=7516","title":{"rendered":"COSLADA ACCESIBLE: \u00abSergio Gonz\u00e1lez, secretario de accesibilidad y autonom\u00eda personal de Famma Cocemfe, Madrid.\u00bb"},"content":{"rendered":"\n<iframe src=\"https:\/\/www.ivoox.com\/player_ej_166649751_6_1.html?c1=f9ea0c\" width=\"100%\" height=\"200\" frameborder=\"0\" allowfullscreen=\"\" scrolling=\"no\" loading=\"lazy\"><\/iframe>\n\n\n\n<figure class=\"wp-block-embed is-type-video is-provider-youtube wp-block-embed-youtube wp-embed-aspect-16-9 wp-has-aspect-ratio\"><div class=\"wp-block-embed__wrapper\">\n<iframe loading=\"lazy\" title=\"COSLADA ACCESIBLE Sergio Gonz\u00e1lez, secretario de accesibilidad y autonom\u00eda personal de Famma Cocemfe\" width=\"750\" height=\"422\" src=\"https:\/\/www.youtube.com\/embed\/F7UyyqeS2yc?feature=oembed\" frameborder=\"0\" allow=\"accelerometer; autoplay; clipboard-write; encrypted-media; gyroscope; picture-in-picture; web-share\" referrerpolicy=\"strict-origin-when-cross-origin\" allowfullscreen><\/iframe>\n<\/div><\/figure>\n\n\n\n<p>Comenzamos este nuevo a\u00f1o con el programa de COSLADA ACCESIBLE, iniciando nuestras actividades habituales, reivindicando la accesibilidad, la sensibilizaci\u00f3n y visibilidad, para ello contamos con Sergio Gonz\u00e1lez, secretario de accesibilidad y autonom\u00eda personal de Famma Cocemfe, Madrid. Hablamos de los proyectos que son de su competencia y tambi\u00e9n de las novedades de la Federaci\u00f3n de representantes de personas con discapacidad de Madrid. Al ser COSLADA ACCESIBLE una asociaci\u00f3n federada son de especial relevancia e inter\u00e9s para nosotros y todos y todas vecinos de Coslada.<\/p>\n\n\n\n<figure class=\"wp-block-gallery has-nested-images columns-default is-cropped wp-block-gallery-1 is-layout-flex wp-block-gallery-is-layout-flex\">\n<figure class=\"wp-block-image size-large\"><img loading=\"lazy\" decoding=\"async\" width=\"1024\" height=\"768\" data-id=\"7517\" src=\"https:\/\/radiojabato.es\/wp-content\/uploads\/2026\/01\/photo_1_2026-01-13_21-11-09-1024x768.jpg\" alt=\"\" class=\"wp-image-7517\" srcset=\"https:\/\/radiojabato.es\/wp-content\/uploads\/2026\/01\/photo_1_2026-01-13_21-11-09-1024x768.jpg 1024w, https:\/\/radiojabato.es\/wp-content\/uploads\/2026\/01\/photo_1_2026-01-13_21-11-09-300x225.jpg 300w, https:\/\/radiojabato.es\/wp-content\/uploads\/2026\/01\/photo_1_2026-01-13_21-11-09-768x576.jpg 768w, https:\/\/radiojabato.es\/wp-content\/uploads\/2026\/01\/photo_1_2026-01-13_21-11-09.jpg 1280w\" sizes=\"auto, (max-width: 1024px) 100vw, 1024px\" \/><\/figure>\n\n\n\n<figure class=\"wp-block-image size-large\"><img loading=\"lazy\" decoding=\"async\" width=\"1024\" height=\"768\" data-id=\"7519\" src=\"https:\/\/radiojabato.es\/wp-content\/uploads\/2026\/01\/photo_2_2026-01-13_21-11-09-1024x768.jpg\" alt=\"\" class=\"wp-image-7519\" srcset=\"https:\/\/radiojabato.es\/wp-content\/uploads\/2026\/01\/photo_2_2026-01-13_21-11-09-1024x768.jpg 1024w, https:\/\/radiojabato.es\/wp-content\/uploads\/2026\/01\/photo_2_2026-01-13_21-11-09-300x225.jpg 300w, https:\/\/radiojabato.es\/wp-content\/uploads\/2026\/01\/photo_2_2026-01-13_21-11-09-768x576.jpg 768w, https:\/\/radiojabato.es\/wp-content\/uploads\/2026\/01\/photo_2_2026-01-13_21-11-09.jpg 1280w\" sizes=\"auto, (max-width: 1024px) 100vw, 1024px\" \/><\/figure>\n\n\n\n<figure class=\"wp-block-image size-large\"><img loading=\"lazy\" decoding=\"async\" width=\"1024\" height=\"768\" data-id=\"7518\" src=\"https:\/\/radiojabato.es\/wp-content\/uploads\/2026\/01\/photo_3_2026-01-13_21-11-09-1024x768.jpg\" alt=\"\" class=\"wp-image-7518\" srcset=\"https:\/\/radiojabato.es\/wp-content\/uploads\/2026\/01\/photo_3_2026-01-13_21-11-09-1024x768.jpg 1024w, https:\/\/radiojabato.es\/wp-content\/uploads\/2026\/01\/photo_3_2026-01-13_21-11-09-300x225.jpg 300w, https:\/\/radiojabato.es\/wp-content\/uploads\/2026\/01\/photo_3_2026-01-13_21-11-09-768x576.jpg 768w, https:\/\/radiojabato.es\/wp-content\/uploads\/2026\/01\/photo_3_2026-01-13_21-11-09.jpg 1280w\" sizes=\"auto, (max-width: 1024px) 100vw, 1024px\" \/><\/figure>\n<\/figure>\n\n\n\n<p><\/p>\n","protected":false},"excerpt":{"rendered":"<p>Comenzamos este nuevo a\u00f1o con el programa de COSLADA ACCESIBLE, iniciando nuestras actividades habituales, reivindicando la accesibilidad, la sensibilizaci\u00f3n y visibilidad, para ello contamos con Sergio Gonz\u00e1lez, secretario de accesibilidad [&hellip;]<\/p>\n","protected":false},"author":2,"featured_media":0,"comment_status":"open","ping_status":"open","sticky":false,"template":"","format":"standard","meta":{"footnotes":""},"categories":[337],"tags":[338,1770,493,700,2229],"class_list":["post-7516","post","type-post","status-publish","format-standard","hentry","category-coslada-accesible","tag-accesibilidad","tag-autonomia-personal","tag-coslada-accesible","tag-famma-cocemfe","tag-sergio-rodriguez"],"_links":{"self":[{"href":"https:\/\/radiojabato.es\/index.php?rest_route=\/wp\/v2\/posts\/7516","targetHints":{"allow":["GET"]}}],"collection":[{"href":"https:\/\/radiojabato.es\/index.php?rest_route=\/wp\/v2\/posts"}],"about":[{"href":"https:\/\/radiojabato.es\/index.php?rest_route=\/wp\/v2\/types\/post"}],"author":[{"embeddable":true,"href":"https:\/\/radiojabato.es\/index.php?rest_route=\/wp\/v2\/users\/2"}],"replies":[{"embeddable":true,"href":"https:\/\/radiojabato.es\/index.php?rest_route=%2Fwp%2Fv2%2Fcomments&post=7516"}],"version-history":[{"count":1,"href":"https:\/\/radiojabato.es\/index.php?rest_route=\/wp\/v2\/posts\/7516\/revisions"}],"predecessor-version":[{"id":7520,"href":"https:\/\/radiojabato.es\/index.php?rest_route=\/wp\/v2\/posts\/7516\/revisions\/7520"}],"wp:attachment":[{"href":"https:\/\/radiojabato.es\/index.php?rest_route=%2Fwp%2Fv2%2Fmedia&parent=7516"}],"wp:term":[{"taxonomy":"category","embeddable":true,"href":"https:\/\/radiojabato.es\/index.php?rest_route=%2Fwp%2Fv2%2Fcategories&post=7516"},{"taxonomy":"post_tag","embeddable":true,"href":"https:\/\/radiojabato.es\/index.php?rest_route=%2Fwp%2Fv2%2Ftags&post=7516"}],"curies":[{"name":"wp","href":"https:\/\/api.w.org\/{rel}","templated":true}]}}