{"id":7030,"date":"2025-12-13T19:50:54","date_gmt":"2025-12-13T19:50:54","guid":{"rendered":"https:\/\/radiojabato.es\/?p=7030"},"modified":"2025-12-13T19:50:54","modified_gmt":"2025-12-13T19:50:54","slug":"identidades-en-frecuencia-acceso-al-trabajo-documentacion-administrativa-y-mas","status":"publish","type":"post","link":"https:\/\/radiojabato.es\/?p=7030","title":{"rendered":"IDENTIDADES EN FRECUENCIA: \u201cAcceso al Trabajo, Documentaci\u00f3n Administrativa y m\u00e1s\u2026\u201d"},"content":{"rendered":"\n<iframe src=\"https:\/\/www.ivoox.com\/player_ej_164240940_6_1.html?c1=242b17\" width=\"100%\" height=\"200\" frameborder=\"0\" allowfullscreen=\"\" scrolling=\"no\" loading=\"lazy\"><\/iframe>\n\n\n\n<figure class=\"wp-block-embed is-type-video is-provider-youtube wp-block-embed-youtube wp-embed-aspect-16-9 wp-has-aspect-ratio\"><div class=\"wp-block-embed__wrapper\">\n<iframe loading=\"lazy\" title=\"IDENTIDADES EN FRECUENCIA: \u201cAcceso al Trabajo, Documentaci\u00f3n Administrativa y m\u00e1s\u2026\u201d\" width=\"750\" height=\"422\" src=\"https:\/\/www.youtube.com\/embed\/ALFfS1oyW1Y?feature=oembed\" frameborder=\"0\" allow=\"accelerometer; autoplay; clipboard-write; encrypted-media; gyroscope; picture-in-picture; web-share\" referrerpolicy=\"strict-origin-when-cross-origin\" allowfullscreen><\/iframe>\n<\/div><\/figure>\n\n\n\n<p>En este programa hablamos del acceso a una vida laboral plena con un diagn\u00f3stico TID y una enfermedad mental, que ya siendo dif\u00edcil con cualquier enfermedad mental, con TID, enfermedad que a\u00fan hoy parte de los m\u00e9dicos no reconocen, crea burlas, controversia y Rechazo.<\/p>\n\n\n\n<figure class=\"wp-block-image size-large is-resized\"><img loading=\"lazy\" decoding=\"async\" width=\"1024\" height=\"513\" src=\"https:\/\/radiojabato.es\/wp-content\/uploads\/2025\/12\/Captura-de-pantalla-2025-12-13-202403-1-1024x513.png\" alt=\"\" class=\"wp-image-7033\" style=\"width:334px;height:auto\" srcset=\"https:\/\/radiojabato.es\/wp-content\/uploads\/2025\/12\/Captura-de-pantalla-2025-12-13-202403-1-1024x513.png 1024w, https:\/\/radiojabato.es\/wp-content\/uploads\/2025\/12\/Captura-de-pantalla-2025-12-13-202403-1-300x150.png 300w, https:\/\/radiojabato.es\/wp-content\/uploads\/2025\/12\/Captura-de-pantalla-2025-12-13-202403-1-768x384.png 768w, https:\/\/radiojabato.es\/wp-content\/uploads\/2025\/12\/Captura-de-pantalla-2025-12-13-202403-1.png 1916w\" sizes=\"auto, (max-width: 1024px) 100vw, 1024px\" \/><\/figure>\n\n\n\n<figure class=\"wp-block-image size-full is-resized\"><img loading=\"lazy\" decoding=\"async\" width=\"1024\" height=\"1024\" src=\"https:\/\/radiojabato.es\/wp-content\/uploads\/2025\/12\/Logo-final.png\" alt=\"\" class=\"wp-image-7032\" style=\"width:148px;height:auto\" srcset=\"https:\/\/radiojabato.es\/wp-content\/uploads\/2025\/12\/Logo-final.png 1024w, https:\/\/radiojabato.es\/wp-content\/uploads\/2025\/12\/Logo-final-300x300.png 300w, https:\/\/radiojabato.es\/wp-content\/uploads\/2025\/12\/Logo-final-150x150.png 150w, https:\/\/radiojabato.es\/wp-content\/uploads\/2025\/12\/Logo-final-768x768.png 768w, https:\/\/radiojabato.es\/wp-content\/uploads\/2025\/12\/Logo-final-410x410.png 410w\" sizes=\"auto, (max-width: 1024px) 100vw, 1024px\" \/><\/figure>\n","protected":false},"excerpt":{"rendered":"<p>En este programa hablamos del acceso a una vida laboral plena con un diagn\u00f3stico TID y una enfermedad mental, que ya siendo dif\u00edcil con cualquier enfermedad mental, con TID, enfermedad [&hellip;]<\/p>\n","protected":false},"author":2,"featured_media":0,"comment_status":"open","ping_status":"open","sticky":false,"template":"","format":"standard","meta":{"footnotes":""},"categories":[2211],"tags":[505,988,305,2213,2212],"class_list":["post-7030","post","type-post","status-publish","format-standard","hentry","category-identidades-en-frecuencia","tag-enfermedad-mental","tag-estigma-social","tag-salud-mental","tag-sergi-march","tag-tid"],"_links":{"self":[{"href":"https:\/\/radiojabato.es\/index.php?rest_route=\/wp\/v2\/posts\/7030","targetHints":{"allow":["GET"]}}],"collection":[{"href":"https:\/\/radiojabato.es\/index.php?rest_route=\/wp\/v2\/posts"}],"about":[{"href":"https:\/\/radiojabato.es\/index.php?rest_route=\/wp\/v2\/types\/post"}],"author":[{"embeddable":true,"href":"https:\/\/radiojabato.es\/index.php?rest_route=\/wp\/v2\/users\/2"}],"replies":[{"embeddable":true,"href":"https:\/\/radiojabato.es\/index.php?rest_route=%2Fwp%2Fv2%2Fcomments&post=7030"}],"version-history":[{"count":1,"href":"https:\/\/radiojabato.es\/index.php?rest_route=\/wp\/v2\/posts\/7030\/revisions"}],"predecessor-version":[{"id":7034,"href":"https:\/\/radiojabato.es\/index.php?rest_route=\/wp\/v2\/posts\/7030\/revisions\/7034"}],"wp:attachment":[{"href":"https:\/\/radiojabato.es\/index.php?rest_route=%2Fwp%2Fv2%2Fmedia&parent=7030"}],"wp:term":[{"taxonomy":"category","embeddable":true,"href":"https:\/\/radiojabato.es\/index.php?rest_route=%2Fwp%2Fv2%2Fcategories&post=7030"},{"taxonomy":"post_tag","embeddable":true,"href":"https:\/\/radiojabato.es\/index.php?rest_route=%2Fwp%2Fv2%2Ftags&post=7030"}],"curies":[{"name":"wp","href":"https:\/\/api.w.org\/{rel}","templated":true}]}}