{"id":6921,"date":"2025-11-27T21:32:05","date_gmt":"2025-11-27T21:32:05","guid":{"rendered":"https:\/\/radiojabato.es\/?p=6921"},"modified":"2025-11-27T21:32:05","modified_gmt":"2025-11-27T21:32:05","slug":"sin-palos-en-las-ruedas-europa-y-accesibilidad-neonatologia-como-esta-el-patio-y-sube-el-ruido","status":"publish","type":"post","link":"https:\/\/radiojabato.es\/?p=6921","title":{"rendered":"SIN PALOS EN LAS RUEDAS: \u201cEuropa y Accesibilidad, Neonatolog\u00eda, C\u00f3mo Est\u00e1 el Patio y Sube el Ruido\u201d"},"content":{"rendered":"\n<iframe src=\"https:\/\/www.ivoox.com\/player_ej_163395433_6_1.html?c1=c03944\" width=\"100%\" height=\"200\" frameborder=\"0\" allowfullscreen=\"\" scrolling=\"no\" loading=\"lazy\"><\/iframe>\n\n\n\n<figure class=\"wp-block-embed is-type-video is-provider-youtube wp-block-embed-youtube wp-embed-aspect-16-9 wp-has-aspect-ratio\"><div class=\"wp-block-embed__wrapper\">\n<iframe loading=\"lazy\" title=\"SIN PALOS EN LAS RUEDAS: \u201cEuropa y Accesibilidad, Neonatolog\u00eda, C\u00f3mo Est\u00e1 el Patio y Sube el Ruido\" width=\"750\" height=\"422\" src=\"https:\/\/www.youtube.com\/embed\/o86Adzp1KV8?feature=oembed\" frameborder=\"0\" allow=\"accelerometer; autoplay; clipboard-write; encrypted-media; gyroscope; picture-in-picture; web-share\" referrerpolicy=\"strict-origin-when-cross-origin\" allowfullscreen><\/iframe>\n<\/div><\/figure>\n\n\n\n<p>Hablamos con Miguel \u00c1ngel Valero,Ingeniero de Telecomunicaciones, doctor por la UPM, experto en accesibilidad y tecnolog\u00eda social sobre la accesibilidad a nivel europeo.<\/p>\n\n\n\n<p>Continuamos con \u00a1C\u00f3mo est\u00e1 el patio! Con Tony Melero y \u00a1Sube el Ruido! Con Elena Garc\u00eda.<\/p>\n\n\n\n<p>Cerramos con el Dr Emilio Santos, m\u00e9dico especialista en Ginecolog\u00eda y Obstetricia y la Dra. Carmen Rosa Pall\u00e1s, jefa del Servicio de Neonatolog\u00eda del Hospital Universitario 12 de Octubre hablando de la Neonatolog\u00eda.<\/p>\n\n\n\n<p>No nos olvidamos de los consejos del CAT (Centro de Atenci\u00f3n Temprana) Pasito a Pasito.<\/p>\n\n\n\n<figure class=\"wp-block-gallery has-nested-images columns-default is-cropped wp-block-gallery-1 is-layout-flex wp-block-gallery-is-layout-flex\">\n<figure class=\"wp-block-image size-large\"><img loading=\"lazy\" decoding=\"async\" width=\"1024\" height=\"768\" data-id=\"6923\" src=\"https:\/\/radiojabato.es\/wp-content\/uploads\/2025\/11\/Miguel-Angel-Valero-2-1024x768.jpg\" alt=\"\" class=\"wp-image-6923\" srcset=\"https:\/\/radiojabato.es\/wp-content\/uploads\/2025\/11\/Miguel-Angel-Valero-2-1024x768.jpg 1024w, https:\/\/radiojabato.es\/wp-content\/uploads\/2025\/11\/Miguel-Angel-Valero-2-300x225.jpg 300w, https:\/\/radiojabato.es\/wp-content\/uploads\/2025\/11\/Miguel-Angel-Valero-2-768x576.jpg 768w, https:\/\/radiojabato.es\/wp-content\/uploads\/2025\/11\/Miguel-Angel-Valero-2.jpg 1280w\" sizes=\"auto, (max-width: 1024px) 100vw, 1024px\" \/><\/figure>\n\n\n\n<figure class=\"wp-block-image size-large\"><img loading=\"lazy\" decoding=\"async\" width=\"1024\" height=\"768\" data-id=\"6925\" src=\"https:\/\/radiojabato.es\/wp-content\/uploads\/2025\/11\/photo_8_2025-11-27_20-31-27-1024x768.jpg\" alt=\"\" class=\"wp-image-6925\" srcset=\"https:\/\/radiojabato.es\/wp-content\/uploads\/2025\/11\/photo_8_2025-11-27_20-31-27-1024x768.jpg 1024w, https:\/\/radiojabato.es\/wp-content\/uploads\/2025\/11\/photo_8_2025-11-27_20-31-27-300x225.jpg 300w, https:\/\/radiojabato.es\/wp-content\/uploads\/2025\/11\/photo_8_2025-11-27_20-31-27-768x576.jpg 768w, https:\/\/radiojabato.es\/wp-content\/uploads\/2025\/11\/photo_8_2025-11-27_20-31-27.jpg 1280w\" sizes=\"auto, (max-width: 1024px) 100vw, 1024px\" \/><\/figure>\n\n\n\n<figure class=\"wp-block-image size-large\"><img loading=\"lazy\" decoding=\"async\" width=\"1024\" height=\"768\" data-id=\"6922\" src=\"https:\/\/radiojabato.es\/wp-content\/uploads\/2025\/11\/photo_10_2025-11-27_20-31-27-1024x768.jpg\" alt=\"\" class=\"wp-image-6922\" srcset=\"https:\/\/radiojabato.es\/wp-content\/uploads\/2025\/11\/photo_10_2025-11-27_20-31-27-1024x768.jpg 1024w, https:\/\/radiojabato.es\/wp-content\/uploads\/2025\/11\/photo_10_2025-11-27_20-31-27-300x225.jpg 300w, https:\/\/radiojabato.es\/wp-content\/uploads\/2025\/11\/photo_10_2025-11-27_20-31-27-768x576.jpg 768w, https:\/\/radiojabato.es\/wp-content\/uploads\/2025\/11\/photo_10_2025-11-27_20-31-27.jpg 1280w\" sizes=\"auto, (max-width: 1024px) 100vw, 1024px\" \/><\/figure>\n\n\n\n<figure class=\"wp-block-image size-large\"><img loading=\"lazy\" decoding=\"async\" width=\"1024\" height=\"768\" data-id=\"6924\" src=\"https:\/\/radiojabato.es\/wp-content\/uploads\/2025\/11\/tony-melero-2-1024x768.jpg\" alt=\"\" class=\"wp-image-6924\" srcset=\"https:\/\/radiojabato.es\/wp-content\/uploads\/2025\/11\/tony-melero-2-1024x768.jpg 1024w, https:\/\/radiojabato.es\/wp-content\/uploads\/2025\/11\/tony-melero-2-300x225.jpg 300w, https:\/\/radiojabato.es\/wp-content\/uploads\/2025\/11\/tony-melero-2-768x576.jpg 768w, https:\/\/radiojabato.es\/wp-content\/uploads\/2025\/11\/tony-melero-2.jpg 1280w\" sizes=\"auto, (max-width: 1024px) 100vw, 1024px\" \/><\/figure>\n<\/figure>\n","protected":false},"excerpt":{"rendered":"<p>Hablamos con Miguel \u00c1ngel Valero,Ingeniero de Telecomunicaciones, doctor por la UPM, experto en accesibilidad y tecnolog\u00eda social sobre la accesibilidad a nivel europeo. Continuamos con \u00a1C\u00f3mo est\u00e1 el patio! Con [&hellip;]<\/p>\n","protected":false},"author":2,"featured_media":0,"comment_status":"open","ping_status":"open","sticky":false,"template":"","format":"standard","meta":{"footnotes":""},"categories":[1625],"tags":[650,332,700,1630,2197,48,1629],"class_list":["post-6921","post","type-post","status-publish","format-standard","hentry","category-sin-palos-en-las-ruedas","tag-accesibilidad-universal","tag-discapacidad","tag-famma-cocemfe","tag-fundacion-360-para-la-autonomia-personal","tag-neonatoligia","tag-radio-jabato","tag-sin-palos-en-las-ruedas"],"_links":{"self":[{"href":"https:\/\/radiojabato.es\/index.php?rest_route=\/wp\/v2\/posts\/6921","targetHints":{"allow":["GET"]}}],"collection":[{"href":"https:\/\/radiojabato.es\/index.php?rest_route=\/wp\/v2\/posts"}],"about":[{"href":"https:\/\/radiojabato.es\/index.php?rest_route=\/wp\/v2\/types\/post"}],"author":[{"embeddable":true,"href":"https:\/\/radiojabato.es\/index.php?rest_route=\/wp\/v2\/users\/2"}],"replies":[{"embeddable":true,"href":"https:\/\/radiojabato.es\/index.php?rest_route=%2Fwp%2Fv2%2Fcomments&post=6921"}],"version-history":[{"count":1,"href":"https:\/\/radiojabato.es\/index.php?rest_route=\/wp\/v2\/posts\/6921\/revisions"}],"predecessor-version":[{"id":6926,"href":"https:\/\/radiojabato.es\/index.php?rest_route=\/wp\/v2\/posts\/6921\/revisions\/6926"}],"wp:attachment":[{"href":"https:\/\/radiojabato.es\/index.php?rest_route=%2Fwp%2Fv2%2Fmedia&parent=6921"}],"wp:term":[{"taxonomy":"category","embeddable":true,"href":"https:\/\/radiojabato.es\/index.php?rest_route=%2Fwp%2Fv2%2Fcategories&post=6921"},{"taxonomy":"post_tag","embeddable":true,"href":"https:\/\/radiojabato.es\/index.php?rest_route=%2Fwp%2Fv2%2Ftags&post=6921"}],"curies":[{"name":"wp","href":"https:\/\/api.w.org\/{rel}","templated":true}]}}