{"id":6845,"date":"2025-11-23T15:23:44","date_gmt":"2025-11-23T15:23:44","guid":{"rendered":"https:\/\/radiojabato.es\/?p=6845"},"modified":"2025-11-23T15:23:44","modified_gmt":"2025-11-23T15:23:44","slug":"avpaml7b-valoracion-de-apertura-de-la-l7b-con-ale-ortiz-esto-puede-salir-mal","status":"publish","type":"post","link":"https:\/\/radiojabato.es\/?p=6845","title":{"rendered":"AVPAML7B: \u201cValoraci\u00f3n de Apertura de la L7B con Ale Ortiz, Esto Puede Salir Mal.\u201d"},"content":{"rendered":"\n<iframe src=\"https:\/\/www.ivoox.com\/player_ej_163109936_6_1.html?c1=0e4b71\" width=\"100%\" height=\"200\" frameborder=\"0\" allowfullscreen=\"\" scrolling=\"no\" loading=\"lazy\"><\/iframe>\n\n\n\n<figure class=\"wp-block-embed is-type-video is-provider-youtube wp-block-embed-youtube wp-embed-aspect-4-3 wp-has-aspect-ratio\"><div class=\"wp-block-embed__wrapper\">\n<iframe loading=\"lazy\" title=\"AVPAML7B: \u201cValoraci\u00f3n de Apertura de la L7B con Ale Ortiz, Esto Puede Salir Mal.\u201d\" width=\"750\" height=\"422\" src=\"https:\/\/www.youtube.com\/embed\/UEk81qLuEBg?feature=oembed\" frameborder=\"0\" allow=\"accelerometer; autoplay; clipboard-write; encrypted-media; gyroscope; picture-in-picture; web-share\" referrerpolicy=\"strict-origin-when-cross-origin\" allowfullscreen><\/iframe>\n<\/div><\/figure>\n\n\n\n<p>En este programa realizamos una tertulia y una entrevista en rotaci\u00f3n, todos a todos, con Ale y su pareja Maira, valoramos la apertura de la L\u00ednea 7B de Metro Madrid, las acciones que se tomaron por parte de la Asociaci\u00f3n y la plataforma de afectados en su inauguraci\u00f3n por parte de Isabel D\u00edaz Ayuso y las posteriores que se tomar\u00e1n.<\/p>\n\n\n\n<p>Desde Canarias y Extremadura Ale y Maira de \u201cEsto Puede Salir Mal\u201d, canal social de informaci\u00f3n y defensa del derechos, nos cuentan c\u00f3mo ven ellos la situaci\u00f3n y c\u00f3mo se han sorprendido por la inacci\u00f3n de las autoridades responsables.<\/p>\n\n\n\n<figure class=\"wp-block-image size-large is-resized\"><img loading=\"lazy\" decoding=\"async\" width=\"1024\" height=\"538\" src=\"https:\/\/radiojabato.es\/wp-content\/uploads\/2025\/11\/Captura-de-pantalla-2025-11-23-161319-1024x538.png\" alt=\"\" class=\"wp-image-6846\" style=\"width:286px;height:auto\" srcset=\"https:\/\/radiojabato.es\/wp-content\/uploads\/2025\/11\/Captura-de-pantalla-2025-11-23-161319-1024x538.png 1024w, https:\/\/radiojabato.es\/wp-content\/uploads\/2025\/11\/Captura-de-pantalla-2025-11-23-161319-300x157.png 300w, https:\/\/radiojabato.es\/wp-content\/uploads\/2025\/11\/Captura-de-pantalla-2025-11-23-161319-768x403.png 768w, https:\/\/radiojabato.es\/wp-content\/uploads\/2025\/11\/Captura-de-pantalla-2025-11-23-161319.png 1844w\" sizes=\"auto, (max-width: 1024px) 100vw, 1024px\" \/><\/figure>\n\n\n\n<p><\/p>\n","protected":false},"excerpt":{"rendered":"<p>En este programa realizamos una tertulia y una entrevista en rotaci\u00f3n, todos a todos, con Ale y su pareja Maira, valoramos la apertura de la L\u00ednea 7B de Metro Madrid, [&hellip;]<\/p>\n","protected":false},"author":2,"featured_media":0,"comment_status":"open","ping_status":"open","sticky":false,"template":"","format":"standard","meta":{"footnotes":""},"categories":[1257],"tags":[2186,1258,2185,1890,141,2184,48],"class_list":["post-6845","post","type-post","status-publish","format-standard","hentry","category-avpaml7b-asociacion-vecinal-de-personas-afectadas-por-metro-l7b","tag-ale-ortiz","tag-avpaml7b","tag-esto-puede-salir-mal","tag-linea-7b-metro-madrid","tag-metro-madrid","tag-paml7b","tag-radio-jabato"],"_links":{"self":[{"href":"https:\/\/radiojabato.es\/index.php?rest_route=\/wp\/v2\/posts\/6845","targetHints":{"allow":["GET"]}}],"collection":[{"href":"https:\/\/radiojabato.es\/index.php?rest_route=\/wp\/v2\/posts"}],"about":[{"href":"https:\/\/radiojabato.es\/index.php?rest_route=\/wp\/v2\/types\/post"}],"author":[{"embeddable":true,"href":"https:\/\/radiojabato.es\/index.php?rest_route=\/wp\/v2\/users\/2"}],"replies":[{"embeddable":true,"href":"https:\/\/radiojabato.es\/index.php?rest_route=%2Fwp%2Fv2%2Fcomments&post=6845"}],"version-history":[{"count":1,"href":"https:\/\/radiojabato.es\/index.php?rest_route=\/wp\/v2\/posts\/6845\/revisions"}],"predecessor-version":[{"id":6847,"href":"https:\/\/radiojabato.es\/index.php?rest_route=\/wp\/v2\/posts\/6845\/revisions\/6847"}],"wp:attachment":[{"href":"https:\/\/radiojabato.es\/index.php?rest_route=%2Fwp%2Fv2%2Fmedia&parent=6845"}],"wp:term":[{"taxonomy":"category","embeddable":true,"href":"https:\/\/radiojabato.es\/index.php?rest_route=%2Fwp%2Fv2%2Fcategories&post=6845"},{"taxonomy":"post_tag","embeddable":true,"href":"https:\/\/radiojabato.es\/index.php?rest_route=%2Fwp%2Fv2%2Ftags&post=6845"}],"curies":[{"name":"wp","href":"https:\/\/api.w.org\/{rel}","templated":true}]}}