{"id":6775,"date":"2025-11-20T20:22:35","date_gmt":"2025-11-20T20:22:35","guid":{"rendered":"https:\/\/radiojabato.es\/?p=6775"},"modified":"2025-11-20T20:22:35","modified_gmt":"2025-11-20T20:22:35","slug":"sin-palos-en-las-ruedas-genetica-y-dieta-sindrome-de-morquio-neurodivergencia-y-mas","status":"publish","type":"post","link":"https:\/\/radiojabato.es\/?p=6775","title":{"rendered":"SIN PALOS EN LAS RUEDAS: \u201cGen\u00e9tica y Dieta, S\u00edndrome de Morquio, Neurodivergencia, y m\u00e1s\u2026\u201d"},"content":{"rendered":"\n<iframe src=\"https:\/\/www.ivoox.com\/player_ej_163018448_6_1.html?c1=c03944\" width=\"100%\" height=\"200\" frameborder=\"0\" allowfullscreen=\"\" scrolling=\"no\" loading=\"lazy\"><\/iframe>\n\n\n\n<figure class=\"wp-block-embed is-type-video is-provider-youtube wp-block-embed-youtube wp-embed-aspect-16-9 wp-has-aspect-ratio\"><div class=\"wp-block-embed__wrapper\">\n<iframe loading=\"lazy\" title=\"SIN PALOS EN LAS RUEDAS: \u201cGen\u00e9tica y Dieta, S\u00edndrome de Morquio, Neuro Divergencia, y m\u00e1s\u2026\u201d\" width=\"750\" height=\"422\" src=\"https:\/\/www.youtube.com\/embed\/S--mISIgUTo?feature=oembed\" frameborder=\"0\" allow=\"accelerometer; autoplay; clipboard-write; encrypted-media; gyroscope; picture-in-picture; web-share\" referrerpolicy=\"strict-origin-when-cross-origin\" allowfullscreen><\/iframe>\n<\/div><\/figure>\n\n\n\n<p>Hablamos de la relaci\u00f3n entre la dieta y la gen\u00e9tica con la Doctora <strong>Andrea Marqu\u00e9s, <\/strong>nutricionista, continuamos con Cosas Curiosas que Pasan y Miriam Fern\u00e1ndez, cantante, actriz y coach.<\/p>\n\n\n\n<p>Pasamos a hablar con Patricia, madre de Gonzalo, paciente con s\u00edndrome de Morquio y Beatriz Bernardino, Neuro Pediatra en Hospital Infantil Universitario Ni\u00f1o Jes\u00fas.<\/p>\n\n\n\n<p>Tratamos la Neuro Divergencia con Nerea Lindosa, psic\u00f3loga, un aviso de seguridad sobre estafas y terminamos con Christian Herrera y el Consultorio Derechos y Discapacidad sin olvidarnos de los consejos del CAT Pasito a Pasito.<\/p>\n\n\n\n<figure class=\"wp-block-gallery has-nested-images columns-default is-cropped wp-block-gallery-1 is-layout-flex wp-block-gallery-is-layout-flex\">\n<figure class=\"wp-block-image size-large\"><img loading=\"lazy\" decoding=\"async\" width=\"1024\" height=\"768\" data-id=\"6776\" src=\"https:\/\/radiojabato.es\/wp-content\/uploads\/2025\/11\/andrea-marques-2-1-1024x768.jpg\" alt=\"\" class=\"wp-image-6776\" srcset=\"https:\/\/radiojabato.es\/wp-content\/uploads\/2025\/11\/andrea-marques-2-1-1024x768.jpg 1024w, https:\/\/radiojabato.es\/wp-content\/uploads\/2025\/11\/andrea-marques-2-1-300x225.jpg 300w, https:\/\/radiojabato.es\/wp-content\/uploads\/2025\/11\/andrea-marques-2-1-768x576.jpg 768w, https:\/\/radiojabato.es\/wp-content\/uploads\/2025\/11\/andrea-marques-2-1.jpg 1280w\" sizes=\"auto, (max-width: 1024px) 100vw, 1024px\" \/><\/figure>\n\n\n\n<figure class=\"wp-block-image size-large\"><img loading=\"lazy\" decoding=\"async\" width=\"1024\" height=\"768\" data-id=\"6777\" src=\"https:\/\/radiojabato.es\/wp-content\/uploads\/2025\/11\/Nerea-2-1-1024x768.jpg\" alt=\"\" class=\"wp-image-6777\" srcset=\"https:\/\/radiojabato.es\/wp-content\/uploads\/2025\/11\/Nerea-2-1-1024x768.jpg 1024w, https:\/\/radiojabato.es\/wp-content\/uploads\/2025\/11\/Nerea-2-1-300x225.jpg 300w, https:\/\/radiojabato.es\/wp-content\/uploads\/2025\/11\/Nerea-2-1-768x576.jpg 768w, https:\/\/radiojabato.es\/wp-content\/uploads\/2025\/11\/Nerea-2-1.jpg 1280w\" sizes=\"auto, (max-width: 1024px) 100vw, 1024px\" \/><\/figure>\n\n\n\n<figure class=\"wp-block-image size-large\"><img loading=\"lazy\" decoding=\"async\" width=\"1024\" height=\"768\" data-id=\"6778\" src=\"https:\/\/radiojabato.es\/wp-content\/uploads\/2025\/11\/photo_7_2025-11-13_14-26-34-1-1024x768.jpg\" alt=\"\" class=\"wp-image-6778\" srcset=\"https:\/\/radiojabato.es\/wp-content\/uploads\/2025\/11\/photo_7_2025-11-13_14-26-34-1-1024x768.jpg 1024w, https:\/\/radiojabato.es\/wp-content\/uploads\/2025\/11\/photo_7_2025-11-13_14-26-34-1-300x225.jpg 300w, https:\/\/radiojabato.es\/wp-content\/uploads\/2025\/11\/photo_7_2025-11-13_14-26-34-1-768x576.jpg 768w, https:\/\/radiojabato.es\/wp-content\/uploads\/2025\/11\/photo_7_2025-11-13_14-26-34-1.jpg 1280w\" sizes=\"auto, (max-width: 1024px) 100vw, 1024px\" \/><\/figure>\n<\/figure>\n","protected":false},"excerpt":{"rendered":"<p>Hablamos de la relaci\u00f3n entre la dieta y la gen\u00e9tica con la Doctora Andrea Marqu\u00e9s, nutricionista, continuamos con Cosas Curiosas que Pasan y Miriam Fern\u00e1ndez, cantante, actriz y coach. Pasamos [&hellip;]<\/p>\n","protected":false},"author":2,"featured_media":0,"comment_status":"open","ping_status":"open","sticky":false,"template":"","format":"standard","meta":{"footnotes":""},"categories":[1625],"tags":[700,1630,2177,2169,2178,48,2170],"class_list":["post-6775","post","type-post","status-publish","format-standard","hentry","category-sin-palos-en-las-ruedas","tag-famma-cocemfe","tag-fundacion-360-para-la-autonomia-personal","tag-genetica","tag-neuro-divergencia","tag-neuro-pediatria","tag-radio-jabato","tag-sindrome-de-morquio"],"_links":{"self":[{"href":"https:\/\/radiojabato.es\/index.php?rest_route=\/wp\/v2\/posts\/6775","targetHints":{"allow":["GET"]}}],"collection":[{"href":"https:\/\/radiojabato.es\/index.php?rest_route=\/wp\/v2\/posts"}],"about":[{"href":"https:\/\/radiojabato.es\/index.php?rest_route=\/wp\/v2\/types\/post"}],"author":[{"embeddable":true,"href":"https:\/\/radiojabato.es\/index.php?rest_route=\/wp\/v2\/users\/2"}],"replies":[{"embeddable":true,"href":"https:\/\/radiojabato.es\/index.php?rest_route=%2Fwp%2Fv2%2Fcomments&post=6775"}],"version-history":[{"count":1,"href":"https:\/\/radiojabato.es\/index.php?rest_route=\/wp\/v2\/posts\/6775\/revisions"}],"predecessor-version":[{"id":6779,"href":"https:\/\/radiojabato.es\/index.php?rest_route=\/wp\/v2\/posts\/6775\/revisions\/6779"}],"wp:attachment":[{"href":"https:\/\/radiojabato.es\/index.php?rest_route=%2Fwp%2Fv2%2Fmedia&parent=6775"}],"wp:term":[{"taxonomy":"category","embeddable":true,"href":"https:\/\/radiojabato.es\/index.php?rest_route=%2Fwp%2Fv2%2Fcategories&post=6775"},{"taxonomy":"post_tag","embeddable":true,"href":"https:\/\/radiojabato.es\/index.php?rest_route=%2Fwp%2Fv2%2Ftags&post=6775"}],"curies":[{"name":"wp","href":"https:\/\/api.w.org\/{rel}","templated":true}]}}