{"id":6612,"date":"2025-11-13T20:30:51","date_gmt":"2025-11-13T20:30:51","guid":{"rendered":"https:\/\/radiojabato.es\/?p=6612"},"modified":"2025-11-13T20:30:51","modified_gmt":"2025-11-13T20:30:51","slug":"sin-palos-en-las-ruedas-genetica-y-dieta-sindrome-de-morquio-neuro-divergencia-y-mas","status":"publish","type":"post","link":"https:\/\/radiojabato.es\/?p=6612","title":{"rendered":"SIN PALOS EN LAS RUEDAS: \u201cGen\u00e9tica y Dieta, S\u00edndrome de Morquio, Neuro Divergencia, y m\u00e1s\u2026\u201d"},"content":{"rendered":"\n<iframe src=\"https:\/\/www.ivoox.com\/player_ej_162618068_6_1.html?c1=c03944\" width=\"100%\" height=\"200\" frameborder=\"0\" allowfullscreen=\"\" scrolling=\"no\" loading=\"lazy\"><\/iframe>\n\n\n\n<figure class=\"wp-block-embed is-type-video is-provider-youtube wp-block-embed-youtube wp-embed-aspect-16-9 wp-has-aspect-ratio\"><div class=\"wp-block-embed__wrapper\">\n<iframe loading=\"lazy\" title=\"SIN PALOS EN LAS RUEDAS: \u201cGen\u00e9tica y Dieta, S\u00edndrome de Morquio, Neuro Divergencia, y m\u00e1s\u2026\u201d\" width=\"750\" height=\"422\" src=\"https:\/\/www.youtube.com\/embed\/7WG8iS8qaFo?feature=oembed\" frameborder=\"0\" allow=\"accelerometer; autoplay; clipboard-write; encrypted-media; gyroscope; picture-in-picture; web-share\" referrerpolicy=\"strict-origin-when-cross-origin\" allowfullscreen><\/iframe>\n<\/div><\/figure>\n\n\n\n<p>Hablamos de la relaci\u00f3n entre la dieta y la gen\u00e9tica con la Doctora Andrea Marqu\u00e9s, nutricionista, continuamos con Cosas Curiosas que Pasan y Miriam Fern\u00e1ndez, cantante, actriz y coach.<br>Pasamos a hablar con Patricia, madre de Gonzalo, paciente con s\u00edndrome de Morquio y Beatriz Bernardino, Neuropediatra en Hospital Infantil Universitario Ni\u00f1o Jes\u00fas.<br>Tratamos la Neuro Divergencia con Nerea Lindosa, psic\u00f3loga, un aviso de seguridad sobre estafas y terminamos con Christian Herrera y el Consultorio Derechos y Discapacidad sin olvidarnos de los consejos del CAT Pasito a Pasito.<\/p>\n\n\n\n<figure class=\"wp-block-gallery has-nested-images columns-default is-cropped wp-block-gallery-1 is-layout-flex wp-block-gallery-is-layout-flex\">\n<figure class=\"wp-block-image size-large\"><img loading=\"lazy\" decoding=\"async\" width=\"1024\" height=\"768\" data-id=\"6615\" src=\"https:\/\/radiojabato.es\/wp-content\/uploads\/2025\/11\/andrea-marques-2-1024x768.jpg\" alt=\"\" class=\"wp-image-6615\" srcset=\"https:\/\/radiojabato.es\/wp-content\/uploads\/2025\/11\/andrea-marques-2-1024x768.jpg 1024w, https:\/\/radiojabato.es\/wp-content\/uploads\/2025\/11\/andrea-marques-2-300x225.jpg 300w, https:\/\/radiojabato.es\/wp-content\/uploads\/2025\/11\/andrea-marques-2-768x576.jpg 768w, https:\/\/radiojabato.es\/wp-content\/uploads\/2025\/11\/andrea-marques-2.jpg 1280w\" sizes=\"auto, (max-width: 1024px) 100vw, 1024px\" \/><\/figure>\n\n\n\n<figure class=\"wp-block-image size-large\"><img loading=\"lazy\" decoding=\"async\" width=\"1024\" height=\"768\" data-id=\"6613\" src=\"https:\/\/radiojabato.es\/wp-content\/uploads\/2025\/11\/Nerea-2-1024x768.jpg\" alt=\"\" class=\"wp-image-6613\" srcset=\"https:\/\/radiojabato.es\/wp-content\/uploads\/2025\/11\/Nerea-2-1024x768.jpg 1024w, https:\/\/radiojabato.es\/wp-content\/uploads\/2025\/11\/Nerea-2-300x225.jpg 300w, https:\/\/radiojabato.es\/wp-content\/uploads\/2025\/11\/Nerea-2-768x576.jpg 768w, https:\/\/radiojabato.es\/wp-content\/uploads\/2025\/11\/Nerea-2.jpg 1280w\" sizes=\"auto, (max-width: 1024px) 100vw, 1024px\" \/><\/figure>\n\n\n\n<figure class=\"wp-block-image size-large\"><img loading=\"lazy\" decoding=\"async\" width=\"1024\" height=\"768\" data-id=\"6614\" src=\"https:\/\/radiojabato.es\/wp-content\/uploads\/2025\/11\/photo_7_2025-11-13_14-26-34-1024x768.jpg\" alt=\"\" class=\"wp-image-6614\" srcset=\"https:\/\/radiojabato.es\/wp-content\/uploads\/2025\/11\/photo_7_2025-11-13_14-26-34-1024x768.jpg 1024w, https:\/\/radiojabato.es\/wp-content\/uploads\/2025\/11\/photo_7_2025-11-13_14-26-34-300x225.jpg 300w, https:\/\/radiojabato.es\/wp-content\/uploads\/2025\/11\/photo_7_2025-11-13_14-26-34-768x576.jpg 768w, https:\/\/radiojabato.es\/wp-content\/uploads\/2025\/11\/photo_7_2025-11-13_14-26-34.jpg 1280w\" sizes=\"auto, (max-width: 1024px) 100vw, 1024px\" \/><\/figure>\n<\/figure>\n\n\n\n<figure class=\"wp-block-gallery has-nested-images columns-default is-cropped wp-block-gallery-2 is-layout-flex wp-block-gallery-is-layout-flex\">\n<figure class=\"wp-block-image size-large\"><img loading=\"lazy\" decoding=\"async\" width=\"1024\" height=\"682\" data-id=\"6616\" src=\"https:\/\/radiojabato.es\/wp-content\/uploads\/2025\/11\/logo-rojo-1024x682.jpg\" alt=\"\" class=\"wp-image-6616\" srcset=\"https:\/\/radiojabato.es\/wp-content\/uploads\/2025\/11\/logo-rojo-1024x682.jpg 1024w, https:\/\/radiojabato.es\/wp-content\/uploads\/2025\/11\/logo-rojo-300x200.jpg 300w, https:\/\/radiojabato.es\/wp-content\/uploads\/2025\/11\/logo-rojo-768x512.jpg 768w, https:\/\/radiojabato.es\/wp-content\/uploads\/2025\/11\/logo-rojo.jpg 1280w\" sizes=\"auto, (max-width: 1024px) 100vw, 1024px\" \/><\/figure>\n\n\n\n<figure class=\"wp-block-image size-large\"><img loading=\"lazy\" decoding=\"async\" width=\"1024\" height=\"1024\" data-id=\"6617\" src=\"https:\/\/radiojabato.es\/wp-content\/uploads\/2025\/11\/Logo-1024x1024.jpg\" alt=\"\" class=\"wp-image-6617\" srcset=\"https:\/\/radiojabato.es\/wp-content\/uploads\/2025\/11\/Logo-1024x1024.jpg 1024w, https:\/\/radiojabato.es\/wp-content\/uploads\/2025\/11\/Logo-300x300.jpg 300w, https:\/\/radiojabato.es\/wp-content\/uploads\/2025\/11\/Logo-150x150.jpg 150w, https:\/\/radiojabato.es\/wp-content\/uploads\/2025\/11\/Logo-768x768.jpg 768w, https:\/\/radiojabato.es\/wp-content\/uploads\/2025\/11\/Logo-410x410.jpg 410w, https:\/\/radiojabato.es\/wp-content\/uploads\/2025\/11\/Logo.jpg 1080w\" sizes=\"auto, (max-width: 1024px) 100vw, 1024px\" \/><\/figure>\n<\/figure>\n","protected":false},"excerpt":{"rendered":"<p>Hablamos de la relaci\u00f3n entre la dieta y la gen\u00e9tica con la Doctora Andrea Marqu\u00e9s, nutricionista, continuamos con Cosas Curiosas que Pasan y Miriam Fern\u00e1ndez, cantante, actriz y coach.Pasamos a [&hellip;]<\/p>\n","protected":false},"author":2,"featured_media":0,"comment_status":"open","ping_status":"open","sticky":false,"template":"","format":"standard","meta":{"footnotes":""},"categories":[1625],"tags":[700,1630,2169,2171,48,1629,2170],"class_list":["post-6612","post","type-post","status-publish","format-standard","hentry","category-sin-palos-en-las-ruedas","tag-famma-cocemfe","tag-fundacion-360-para-la-autonomia-personal","tag-neuro-divergencia","tag-neuropediatria","tag-radio-jabato","tag-sin-palos-en-las-ruedas","tag-sindrome-de-morquio"],"_links":{"self":[{"href":"https:\/\/radiojabato.es\/index.php?rest_route=\/wp\/v2\/posts\/6612","targetHints":{"allow":["GET"]}}],"collection":[{"href":"https:\/\/radiojabato.es\/index.php?rest_route=\/wp\/v2\/posts"}],"about":[{"href":"https:\/\/radiojabato.es\/index.php?rest_route=\/wp\/v2\/types\/post"}],"author":[{"embeddable":true,"href":"https:\/\/radiojabato.es\/index.php?rest_route=\/wp\/v2\/users\/2"}],"replies":[{"embeddable":true,"href":"https:\/\/radiojabato.es\/index.php?rest_route=%2Fwp%2Fv2%2Fcomments&post=6612"}],"version-history":[{"count":1,"href":"https:\/\/radiojabato.es\/index.php?rest_route=\/wp\/v2\/posts\/6612\/revisions"}],"predecessor-version":[{"id":6618,"href":"https:\/\/radiojabato.es\/index.php?rest_route=\/wp\/v2\/posts\/6612\/revisions\/6618"}],"wp:attachment":[{"href":"https:\/\/radiojabato.es\/index.php?rest_route=%2Fwp%2Fv2%2Fmedia&parent=6612"}],"wp:term":[{"taxonomy":"category","embeddable":true,"href":"https:\/\/radiojabato.es\/index.php?rest_route=%2Fwp%2Fv2%2Fcategories&post=6612"},{"taxonomy":"post_tag","embeddable":true,"href":"https:\/\/radiojabato.es\/index.php?rest_route=%2Fwp%2Fv2%2Ftags&post=6612"}],"curies":[{"name":"wp","href":"https:\/\/api.w.org\/{rel}","templated":true}]}}