{"id":6563,"date":"2025-10-31T21:09:01","date_gmt":"2025-10-31T21:09:01","guid":{"rendered":"https:\/\/radiojabato.es\/?p=6563"},"modified":"2025-10-31T21:09:01","modified_gmt":"2025-10-31T21:09:01","slug":"sin-palos-en-las-ruedas-ensayos-clinicos-esclerosis-multiple-el-botiquin-de-otono-derechos-y-discapacidad-y-mas","status":"publish","type":"post","link":"https:\/\/radiojabato.es\/?p=6563","title":{"rendered":"SIN PALOS EN LAS RUEDAS: \u00abEnsayos Cl\u00ednicos Escler\u00f3sis M\u00faltiple, El Botiqu\u00edn de Oto\u00f1o, Derechos y Discapacidad y m\u00e1s.\u00bb"},"content":{"rendered":"\n<iframe src=\"https:\/\/www.ivoox.com\/player_ej_161662681_6_1.html?c1=c03944\" width=\"100%\" height=\"200\" frameborder=\"0\" allowfullscreen=\"\" scrolling=\"no\" loading=\"lazy\"><\/iframe>\n\n\n\n<figure class=\"wp-block-embed is-type-video is-provider-youtube wp-block-embed-youtube wp-embed-aspect-16-9 wp-has-aspect-ratio\"><div class=\"wp-block-embed__wrapper\">\n<iframe loading=\"lazy\" title=\"SIN PALOS EN LAS RUEDAS: &quot;Ensayos Cl\u00ednicos Escler\u00f3sis M\u00faltiple, El Botiqu\u00edn de Oto\u00f1o y m\u00e1s.&quot;\" width=\"750\" height=\"422\" src=\"https:\/\/www.youtube.com\/embed\/W2tT4P9Fg4g?feature=oembed\" frameborder=\"0\" allow=\"accelerometer; autoplay; clipboard-write; encrypted-media; gyroscope; picture-in-picture; web-share\" referrerpolicy=\"strict-origin-when-cross-origin\" allowfullscreen><\/iframe>\n<\/div><\/figure>\n\n\n\n<p>Entrevistamos sobre Los ensayos cl\u00ednicos de la esclerosis m\u00faltiple a Juan Carlos Murciano, Investigador principal, Jefe de l\u00ednea. Servicio de Medicina Interna. Fundaci\u00f3n para la Investigaci\u00f3n Biom\u00e9dica del Hospital Ram\u00f3n y Cajal de Madrid, a la Dra. Lucienne Costa Fossard, Neur\u00f3loga facultativo especialista de \u00e1rea en el CSUR de Esclerosis M\u00faltiple del Hospital Universitario Ram\u00f3n y Cajal de Madrid, a Manuel Ranc\u00e9s, presidente de A.D.E.M. Madrid y las Pacientes Patricia Largo y Dolores Castillo.<br>Pasamos a \u201c\u00a1C\u00f3mo est\u00e1 el Patio!\u00bb con Tony Melero y su humor y Cristina Guill\u00e9n, farmac\u00e9utica que nos habla del \u00abBotiqu\u00edn de Oto\u00f1o\u00bb finalizando con el consultorio \u201cDerechos y discapacidad\u201d con Christian Herrera, abogado de FAMMA.<br>NO olvidamos los consejos del CAT (Centro de Atenci\u00f3n Temprana) \u00abPasito a Pasito.\u00bb<\/p>\n\n\n\n<figure class=\"wp-block-gallery has-nested-images columns-default is-cropped wp-block-gallery-1 is-layout-flex wp-block-gallery-is-layout-flex\">\n<figure class=\"wp-block-image size-large\"><img loading=\"lazy\" decoding=\"async\" width=\"768\" height=\"1024\" data-id=\"6567\" src=\"https:\/\/radiojabato.es\/wp-content\/uploads\/2025\/10\/Cristina-Guillen-768x1024.jpg\" alt=\"\" class=\"wp-image-6567\" srcset=\"https:\/\/radiojabato.es\/wp-content\/uploads\/2025\/10\/Cristina-Guillen-768x1024.jpg 768w, https:\/\/radiojabato.es\/wp-content\/uploads\/2025\/10\/Cristina-Guillen-225x300.jpg 225w, https:\/\/radiojabato.es\/wp-content\/uploads\/2025\/10\/Cristina-Guillen.jpg 960w\" sizes=\"auto, (max-width: 768px) 100vw, 768px\" \/><\/figure>\n\n\n\n<figure class=\"wp-block-image size-large\"><img loading=\"lazy\" decoding=\"async\" width=\"768\" height=\"1024\" data-id=\"6568\" src=\"https:\/\/radiojabato.es\/wp-content\/uploads\/2025\/10\/Juan-C-Murciano-768x1024.jpg\" alt=\"\" class=\"wp-image-6568\" srcset=\"https:\/\/radiojabato.es\/wp-content\/uploads\/2025\/10\/Juan-C-Murciano-768x1024.jpg 768w, https:\/\/radiojabato.es\/wp-content\/uploads\/2025\/10\/Juan-C-Murciano-225x300.jpg 225w, https:\/\/radiojabato.es\/wp-content\/uploads\/2025\/10\/Juan-C-Murciano.jpg 960w\" sizes=\"auto, (max-width: 768px) 100vw, 768px\" \/><\/figure>\n\n\n\n<figure class=\"wp-block-image size-large\"><img loading=\"lazy\" decoding=\"async\" width=\"768\" height=\"1024\" data-id=\"6565\" src=\"https:\/\/radiojabato.es\/wp-content\/uploads\/2025\/10\/Lucien-768x1024.jpg\" alt=\"\" class=\"wp-image-6565\" srcset=\"https:\/\/radiojabato.es\/wp-content\/uploads\/2025\/10\/Lucien-768x1024.jpg 768w, https:\/\/radiojabato.es\/wp-content\/uploads\/2025\/10\/Lucien-225x300.jpg 225w, https:\/\/radiojabato.es\/wp-content\/uploads\/2025\/10\/Lucien.jpg 960w\" sizes=\"auto, (max-width: 768px) 100vw, 768px\" \/><\/figure>\n\n\n\n<figure class=\"wp-block-image size-large\"><img loading=\"lazy\" decoding=\"async\" width=\"768\" height=\"1024\" data-id=\"6564\" src=\"https:\/\/radiojabato.es\/wp-content\/uploads\/2025\/10\/Manuel-Rances-768x1024.jpg\" alt=\"\" class=\"wp-image-6564\" srcset=\"https:\/\/radiojabato.es\/wp-content\/uploads\/2025\/10\/Manuel-Rances-768x1024.jpg 768w, https:\/\/radiojabato.es\/wp-content\/uploads\/2025\/10\/Manuel-Rances-225x300.jpg 225w, https:\/\/radiojabato.es\/wp-content\/uploads\/2025\/10\/Manuel-Rances.jpg 960w\" sizes=\"auto, (max-width: 768px) 100vw, 768px\" \/><\/figure>\n\n\n\n<figure class=\"wp-block-image size-large\"><img loading=\"lazy\" decoding=\"async\" width=\"768\" height=\"1024\" data-id=\"6566\" src=\"https:\/\/radiojabato.es\/wp-content\/uploads\/2025\/10\/photo_2025-10-31_09-02-54-768x1024.jpg\" alt=\"\" class=\"wp-image-6566\" srcset=\"https:\/\/radiojabato.es\/wp-content\/uploads\/2025\/10\/photo_2025-10-31_09-02-54-768x1024.jpg 768w, https:\/\/radiojabato.es\/wp-content\/uploads\/2025\/10\/photo_2025-10-31_09-02-54-225x300.jpg 225w, https:\/\/radiojabato.es\/wp-content\/uploads\/2025\/10\/photo_2025-10-31_09-02-54.jpg 960w\" sizes=\"auto, (max-width: 768px) 100vw, 768px\" \/><\/figure>\n<\/figure>\n","protected":false},"excerpt":{"rendered":"<p>Entrevistamos sobre Los ensayos cl\u00ednicos de la esclerosis m\u00faltiple a Juan Carlos Murciano, Investigador principal, Jefe de l\u00ednea. Servicio de Medicina Interna. Fundaci\u00f3n para la Investigaci\u00f3n Biom\u00e9dica del Hospital Ram\u00f3n [&hellip;]<\/p>\n","protected":false},"author":2,"featured_media":0,"comment_status":"open","ping_status":"open","sticky":false,"template":"","format":"standard","meta":{"footnotes":""},"categories":[1625],"tags":[2161,700,1630,48,1629],"class_list":["post-6563","post","type-post","status-publish","format-standard","hentry","category-sin-palos-en-las-ruedas","tag-esclerosis-multiple","tag-famma-cocemfe","tag-fundacion-360-para-la-autonomia-personal","tag-radio-jabato","tag-sin-palos-en-las-ruedas"],"_links":{"self":[{"href":"https:\/\/radiojabato.es\/index.php?rest_route=\/wp\/v2\/posts\/6563","targetHints":{"allow":["GET"]}}],"collection":[{"href":"https:\/\/radiojabato.es\/index.php?rest_route=\/wp\/v2\/posts"}],"about":[{"href":"https:\/\/radiojabato.es\/index.php?rest_route=\/wp\/v2\/types\/post"}],"author":[{"embeddable":true,"href":"https:\/\/radiojabato.es\/index.php?rest_route=\/wp\/v2\/users\/2"}],"replies":[{"embeddable":true,"href":"https:\/\/radiojabato.es\/index.php?rest_route=%2Fwp%2Fv2%2Fcomments&post=6563"}],"version-history":[{"count":1,"href":"https:\/\/radiojabato.es\/index.php?rest_route=\/wp\/v2\/posts\/6563\/revisions"}],"predecessor-version":[{"id":6569,"href":"https:\/\/radiojabato.es\/index.php?rest_route=\/wp\/v2\/posts\/6563\/revisions\/6569"}],"wp:attachment":[{"href":"https:\/\/radiojabato.es\/index.php?rest_route=%2Fwp%2Fv2%2Fmedia&parent=6563"}],"wp:term":[{"taxonomy":"category","embeddable":true,"href":"https:\/\/radiojabato.es\/index.php?rest_route=%2Fwp%2Fv2%2Fcategories&post=6563"},{"taxonomy":"post_tag","embeddable":true,"href":"https:\/\/radiojabato.es\/index.php?rest_route=%2Fwp%2Fv2%2Ftags&post=6563"}],"curies":[{"name":"wp","href":"https:\/\/api.w.org\/{rel}","templated":true}]}}