{"id":6534,"date":"2025-10-26T19:08:50","date_gmt":"2025-10-26T19:08:50","guid":{"rendered":"https:\/\/radiojabato.es\/?p=6534"},"modified":"2025-10-26T19:08:50","modified_gmt":"2025-10-26T19:08:50","slug":"radio-asamec-pilar-jimenez-ceo-cat-dejando-huella","status":"publish","type":"post","link":"https:\/\/radiojabato.es\/?p=6534","title":{"rendered":"RADIO ASAMEC: \u00abPilar Jim\u00e9nez, CEO \u00abCAT Dejando Huella.\u00bb"},"content":{"rendered":"\n<iframe src=\"https:\/\/www.ivoox.com\/player_ej_161312957_6_1.html?c1=cfda7e\" width=\"100%\" height=\"200\" frameborder=\"0\" allowfullscreen=\"\" scrolling=\"no\" loading=\"lazy\"><\/iframe>\n\n\n\n<figure class=\"wp-block-embed is-type-video is-provider-youtube wp-block-embed-youtube wp-embed-aspect-16-9 wp-has-aspect-ratio\"><div class=\"wp-block-embed__wrapper\">\n<iframe loading=\"lazy\" title=\"RADIO ASAMEC: &quot;Pilar Jim\u00e9nez, CEO &quot;CAT&quot; Dejando Huella.&quot;\" width=\"750\" height=\"422\" src=\"https:\/\/www.youtube.com\/embed\/9eLTswwBnuw?feature=oembed\" frameborder=\"0\" allow=\"accelerometer; autoplay; clipboard-write; encrypted-media; gyroscope; picture-in-picture; web-share\" referrerpolicy=\"strict-origin-when-cross-origin\" allowfullscreen><\/iframe>\n<\/div><\/figure>\n\n\n\n<p>Entrevista a Pilar Jim\u00e9nez, CEO del centro privado de atenci\u00f3n temprana, Dejando Huella. Nos comparti\u00f3 su historia como madre afectada y c\u00f3mo convirti\u00f3 el dolor en un proyecto que acompa\u00f1a, transforma y da esperanza a muchas familias en el Corredor del Henares.<\/p>\n\n\n\n<p>&#x1f9e0; Hablamos de salud mental, v\u00ednculo humano, creatividad, duelo, comunidad\u2026 y de c\u00f3mo Dejando Huella se ha convertido en un espacio seguro para quienes necesitan ser escuchados sin juicio.<\/p>\n\n\n\n<figure class=\"wp-block-gallery has-nested-images columns-default is-cropped wp-block-gallery-1 is-layout-flex wp-block-gallery-is-layout-flex\">\n<figure class=\"wp-block-image size-large\"><img loading=\"lazy\" decoding=\"async\" width=\"1024\" height=\"768\" data-id=\"6536\" src=\"https:\/\/radiojabato.es\/wp-content\/uploads\/2025\/10\/photo_1_2025-10-26_19-55-07-1024x768.jpg\" alt=\"\" class=\"wp-image-6536\" srcset=\"https:\/\/radiojabato.es\/wp-content\/uploads\/2025\/10\/photo_1_2025-10-26_19-55-07-1024x768.jpg 1024w, https:\/\/radiojabato.es\/wp-content\/uploads\/2025\/10\/photo_1_2025-10-26_19-55-07-300x225.jpg 300w, https:\/\/radiojabato.es\/wp-content\/uploads\/2025\/10\/photo_1_2025-10-26_19-55-07-768x576.jpg 768w, https:\/\/radiojabato.es\/wp-content\/uploads\/2025\/10\/photo_1_2025-10-26_19-55-07.jpg 1280w\" sizes=\"auto, (max-width: 1024px) 100vw, 1024px\" \/><\/figure>\n\n\n\n<figure class=\"wp-block-image size-large\"><img loading=\"lazy\" decoding=\"async\" width=\"1024\" height=\"768\" data-id=\"6537\" src=\"https:\/\/radiojabato.es\/wp-content\/uploads\/2025\/10\/photo_2_2025-10-26_19-55-07-1024x768.jpg\" alt=\"\" class=\"wp-image-6537\" srcset=\"https:\/\/radiojabato.es\/wp-content\/uploads\/2025\/10\/photo_2_2025-10-26_19-55-07-1024x768.jpg 1024w, https:\/\/radiojabato.es\/wp-content\/uploads\/2025\/10\/photo_2_2025-10-26_19-55-07-300x225.jpg 300w, https:\/\/radiojabato.es\/wp-content\/uploads\/2025\/10\/photo_2_2025-10-26_19-55-07-768x576.jpg 768w, https:\/\/radiojabato.es\/wp-content\/uploads\/2025\/10\/photo_2_2025-10-26_19-55-07.jpg 1280w\" sizes=\"auto, (max-width: 1024px) 100vw, 1024px\" \/><\/figure>\n\n\n\n<figure class=\"wp-block-image size-large\"><img loading=\"lazy\" decoding=\"async\" width=\"1024\" height=\"841\" data-id=\"6535\" src=\"https:\/\/radiojabato.es\/wp-content\/uploads\/2025\/10\/photo_4_2025-10-26_19-55-07-1024x841.jpg\" alt=\"\" class=\"wp-image-6535\" srcset=\"https:\/\/radiojabato.es\/wp-content\/uploads\/2025\/10\/photo_4_2025-10-26_19-55-07-1024x841.jpg 1024w, https:\/\/radiojabato.es\/wp-content\/uploads\/2025\/10\/photo_4_2025-10-26_19-55-07-300x246.jpg 300w, https:\/\/radiojabato.es\/wp-content\/uploads\/2025\/10\/photo_4_2025-10-26_19-55-07-768x631.jpg 768w, https:\/\/radiojabato.es\/wp-content\/uploads\/2025\/10\/photo_4_2025-10-26_19-55-07.jpg 1124w\" sizes=\"auto, (max-width: 1024px) 100vw, 1024px\" \/><\/figure>\n<\/figure>\n","protected":false},"excerpt":{"rendered":"<p>Entrevista a Pilar Jim\u00e9nez, CEO del centro privado de atenci\u00f3n temprana, Dejando Huella. Nos comparti\u00f3 su historia como madre afectada y c\u00f3mo convirti\u00f3 el dolor en un proyecto que acompa\u00f1a, [&hellip;]<\/p>\n","protected":false},"author":2,"featured_media":0,"comment_status":"open","ping_status":"open","sticky":false,"template":"","format":"standard","meta":{"footnotes":""},"categories":[987],"tags":[506,1967,86,1743,2148,2149,1368,1603,904,48,305],"class_list":["post-6534","post","type-post","status-publish","format-standard","hentry","category-asamec-asociacion-de-salud-mental-del-corredor","tag-asamec","tag-asociacion-de-salud-mental-del-corredor","tag-cat","tag-centro-de-atencion-temprana","tag-dejando-huella","tag-diagnostico-temprano","tag-estigma","tag-infancia","tag-juventud","tag-radio-jabato","tag-salud-mental"],"_links":{"self":[{"href":"https:\/\/radiojabato.es\/index.php?rest_route=\/wp\/v2\/posts\/6534","targetHints":{"allow":["GET"]}}],"collection":[{"href":"https:\/\/radiojabato.es\/index.php?rest_route=\/wp\/v2\/posts"}],"about":[{"href":"https:\/\/radiojabato.es\/index.php?rest_route=\/wp\/v2\/types\/post"}],"author":[{"embeddable":true,"href":"https:\/\/radiojabato.es\/index.php?rest_route=\/wp\/v2\/users\/2"}],"replies":[{"embeddable":true,"href":"https:\/\/radiojabato.es\/index.php?rest_route=%2Fwp%2Fv2%2Fcomments&post=6534"}],"version-history":[{"count":1,"href":"https:\/\/radiojabato.es\/index.php?rest_route=\/wp\/v2\/posts\/6534\/revisions"}],"predecessor-version":[{"id":6538,"href":"https:\/\/radiojabato.es\/index.php?rest_route=\/wp\/v2\/posts\/6534\/revisions\/6538"}],"wp:attachment":[{"href":"https:\/\/radiojabato.es\/index.php?rest_route=%2Fwp%2Fv2%2Fmedia&parent=6534"}],"wp:term":[{"taxonomy":"category","embeddable":true,"href":"https:\/\/radiojabato.es\/index.php?rest_route=%2Fwp%2Fv2%2Fcategories&post=6534"},{"taxonomy":"post_tag","embeddable":true,"href":"https:\/\/radiojabato.es\/index.php?rest_route=%2Fwp%2Fv2%2Ftags&post=6534"}],"curies":[{"name":"wp","href":"https:\/\/api.w.org\/{rel}","templated":true}]}}