{"id":6526,"date":"2025-10-24T18:25:11","date_gmt":"2025-10-24T18:25:11","guid":{"rendered":"https:\/\/radiojabato.es\/?p=6526"},"modified":"2025-10-24T18:25:11","modified_gmt":"2025-10-24T18:25:11","slug":"a-4-micros-conversaciones-con-alma-especial-dia-del-cine","status":"publish","type":"post","link":"https:\/\/radiojabato.es\/?p=6526","title":{"rendered":"A 4 Micros Conversaciones Con Alma:\u201d Especial D\u00eda del Cine.\u201d"},"content":{"rendered":"\n<iframe src=\"https:\/\/www.ivoox.com\/player_ej_161259955_6_1.html?c1=c39524\" width=\"100%\" height=\"200\" frameborder=\"0\" allowfullscreen=\"\" scrolling=\"no\" loading=\"lazy\"><\/iframe>\n\n\n\n<figure class=\"wp-block-embed is-type-video is-provider-youtube wp-block-embed-youtube wp-embed-aspect-16-9 wp-has-aspect-ratio\"><div class=\"wp-block-embed__wrapper\">\n<iframe loading=\"lazy\" title=\"A 4 Micros Conversaciones Con Alma:\u201d Especial D\u00eda del Cine.\u201d\" width=\"750\" height=\"422\" src=\"https:\/\/www.youtube.com\/embed\/Uc3a-OUdgC0?feature=oembed\" frameborder=\"0\" allow=\"accelerometer; autoplay; clipboard-write; encrypted-media; gyroscope; picture-in-picture; web-share\" referrerpolicy=\"strict-origin-when-cross-origin\" allowfullscreen><\/iframe>\n<\/div><\/figure>\n\n\n\n<p>En este \u201cD\u00eda del Cine\u201d, repasamos el cine que marc\u00f3 nuestra infancia, el cine y las emociones donde, en ocasiones, nos reflejamos en las historias y personajes, ese momento perfecto para ver cine, nuestros h\u00e1bitos y rituales, y c\u00f3mo nos ha inspirado su poder e inspiraci\u00f3n.<\/p>\n\n\n\n<p>\u201cEl cine nos une, nos hace re\u00edr, llorar y so\u00f1ar. Gracias por acompa\u00f1arnos hoy en este viaje por nuestras pel\u00edculas del alma. Porque a veces, basta una historia bien contada\u2026 para recordarnos qui\u00e9nes somos.\u201d<\/p>\n\n\n\n<figure class=\"wp-block-gallery has-nested-images columns-default is-cropped wp-block-gallery-1 is-layout-flex wp-block-gallery-is-layout-flex\">\n<figure class=\"wp-block-image size-large\"><img loading=\"lazy\" decoding=\"async\" width=\"1024\" height=\"768\" data-id=\"6528\" src=\"https:\/\/radiojabato.es\/wp-content\/uploads\/2025\/10\/photo_1_2025-10-24_19-29-50-1024x768.jpg\" alt=\"\" class=\"wp-image-6528\" srcset=\"https:\/\/radiojabato.es\/wp-content\/uploads\/2025\/10\/photo_1_2025-10-24_19-29-50-1024x768.jpg 1024w, https:\/\/radiojabato.es\/wp-content\/uploads\/2025\/10\/photo_1_2025-10-24_19-29-50-300x225.jpg 300w, https:\/\/radiojabato.es\/wp-content\/uploads\/2025\/10\/photo_1_2025-10-24_19-29-50-768x576.jpg 768w, https:\/\/radiojabato.es\/wp-content\/uploads\/2025\/10\/photo_1_2025-10-24_19-29-50.jpg 1280w\" sizes=\"auto, (max-width: 1024px) 100vw, 1024px\" \/><\/figure>\n\n\n\n<figure class=\"wp-block-image size-large\"><img loading=\"lazy\" decoding=\"async\" width=\"1024\" height=\"768\" data-id=\"6529\" src=\"https:\/\/radiojabato.es\/wp-content\/uploads\/2025\/10\/photo_2_2025-10-24_19-29-50-1024x768.jpg\" alt=\"\" class=\"wp-image-6529\" srcset=\"https:\/\/radiojabato.es\/wp-content\/uploads\/2025\/10\/photo_2_2025-10-24_19-29-50-1024x768.jpg 1024w, https:\/\/radiojabato.es\/wp-content\/uploads\/2025\/10\/photo_2_2025-10-24_19-29-50-300x225.jpg 300w, https:\/\/radiojabato.es\/wp-content\/uploads\/2025\/10\/photo_2_2025-10-24_19-29-50-768x576.jpg 768w, https:\/\/radiojabato.es\/wp-content\/uploads\/2025\/10\/photo_2_2025-10-24_19-29-50.jpg 1280w\" sizes=\"auto, (max-width: 1024px) 100vw, 1024px\" \/><\/figure>\n\n\n\n<figure class=\"wp-block-image size-large\"><img loading=\"lazy\" decoding=\"async\" width=\"1024\" height=\"768\" data-id=\"6527\" src=\"https:\/\/radiojabato.es\/wp-content\/uploads\/2025\/10\/photo_3_2025-10-24_19-29-50-1024x768.jpg\" alt=\"\" class=\"wp-image-6527\" srcset=\"https:\/\/radiojabato.es\/wp-content\/uploads\/2025\/10\/photo_3_2025-10-24_19-29-50-1024x768.jpg 1024w, https:\/\/radiojabato.es\/wp-content\/uploads\/2025\/10\/photo_3_2025-10-24_19-29-50-300x225.jpg 300w, https:\/\/radiojabato.es\/wp-content\/uploads\/2025\/10\/photo_3_2025-10-24_19-29-50-768x576.jpg 768w, https:\/\/radiojabato.es\/wp-content\/uploads\/2025\/10\/photo_3_2025-10-24_19-29-50.jpg 1280w\" sizes=\"auto, (max-width: 1024px) 100vw, 1024px\" \/><\/figure>\n<\/figure>\n","protected":false},"excerpt":{"rendered":"<p>En este \u201cD\u00eda del Cine\u201d, repasamos el cine que marc\u00f3 nuestra infancia, el cine y las emociones donde, en ocasiones, nos reflejamos en las historias y personajes, ese momento perfecto [&hellip;]<\/p>\n","protected":false},"author":2,"featured_media":0,"comment_status":"open","ping_status":"open","sticky":false,"template":"","format":"standard","meta":{"footnotes":""},"categories":[1947],"tags":[1946,1553,1945,2145,2143,2144,48],"class_list":["post-6526","post","type-post","status-publish","format-standard","hentry","category-a-4-micros-conversaciones-con-alma","tag-a-4-micros-conversaciones-con-alma","tag-ana-arnaiz","tag-ana-barajas","tag-dia-del-cine","tag-laura-arellano","tag-mariel-sejas","tag-radio-jabato"],"_links":{"self":[{"href":"https:\/\/radiojabato.es\/index.php?rest_route=\/wp\/v2\/posts\/6526","targetHints":{"allow":["GET"]}}],"collection":[{"href":"https:\/\/radiojabato.es\/index.php?rest_route=\/wp\/v2\/posts"}],"about":[{"href":"https:\/\/radiojabato.es\/index.php?rest_route=\/wp\/v2\/types\/post"}],"author":[{"embeddable":true,"href":"https:\/\/radiojabato.es\/index.php?rest_route=\/wp\/v2\/users\/2"}],"replies":[{"embeddable":true,"href":"https:\/\/radiojabato.es\/index.php?rest_route=%2Fwp%2Fv2%2Fcomments&post=6526"}],"version-history":[{"count":1,"href":"https:\/\/radiojabato.es\/index.php?rest_route=\/wp\/v2\/posts\/6526\/revisions"}],"predecessor-version":[{"id":6530,"href":"https:\/\/radiojabato.es\/index.php?rest_route=\/wp\/v2\/posts\/6526\/revisions\/6530"}],"wp:attachment":[{"href":"https:\/\/radiojabato.es\/index.php?rest_route=%2Fwp%2Fv2%2Fmedia&parent=6526"}],"wp:term":[{"taxonomy":"category","embeddable":true,"href":"https:\/\/radiojabato.es\/index.php?rest_route=%2Fwp%2Fv2%2Fcategories&post=6526"},{"taxonomy":"post_tag","embeddable":true,"href":"https:\/\/radiojabato.es\/index.php?rest_route=%2Fwp%2Fv2%2Ftags&post=6526"}],"curies":[{"name":"wp","href":"https:\/\/api.w.org\/{rel}","templated":true}]}}