{"id":6415,"date":"2025-09-25T20:15:57","date_gmt":"2025-09-25T20:15:57","guid":{"rendered":"https:\/\/radiojabato.es\/?p=6415"},"modified":"2025-09-25T20:15:57","modified_gmt":"2025-09-25T20:15:57","slug":"sin-palos-en-las-ruedas-educacion-inclusiva-sube-el-ruido-farmacos-dirigidos-y-gabinete-juridico","status":"publish","type":"post","link":"https:\/\/radiojabato.es\/?p=6415","title":{"rendered":"SIN PALOS EN LAS RUEDAS: \u00abEducaci\u00f3n Inclusiva, Sube el Ruido, F\u00e1rmacos Dirigidos y Gabinete Jur\u00eddico.\u00bb"},"content":{"rendered":"\n<iframe src=\"https:\/\/www.ivoox.com\/player_ej_159338989_6_1.html?c1=c03944\" width=\"100%\" height=\"200\" frameborder=\"0\" allowfullscreen=\"\" scrolling=\"no\" loading=\"lazy\"><\/iframe>\n\n\n\n<figure class=\"wp-block-embed is-type-video is-provider-youtube wp-block-embed-youtube wp-embed-aspect-16-9 wp-has-aspect-ratio\"><div class=\"wp-block-embed__wrapper\">\n<iframe loading=\"lazy\" title=\"SIN PALOS EN LAS RUEDAS: &quot;Educaci\u00f3n Inclusiva, Sube el Ruido, F\u00e1rmacos Dirigidos y Jur\u00eddico.&quot;\" width=\"750\" height=\"422\" src=\"https:\/\/www.youtube.com\/embed\/e9qpSThx5ws?feature=oembed\" frameborder=\"0\" allow=\"accelerometer; autoplay; clipboard-write; encrypted-media; gyroscope; picture-in-picture; web-share\" referrerpolicy=\"strict-origin-when-cross-origin\" allowfullscreen><\/iframe>\n<\/div><\/figure>\n\n\n\n<p>Hablamos de la situaci\u00f3n de la educaci\u00f3n inclusiva con Juan Alberto Guti\u00e9rrez, Director General de Educaci\u00f3n Infantil, Primaria y Especial de la Comunidad de Madrid, con Laura Ca\u00f1as, madre de un alumno con discapacidad del CEIPSO M\u00e9jico, con Mar\u00eda Jim\u00e9nez Cabada, miembro del patronato de la Fundaci\u00f3n Cisen y representante de un centro de educaci\u00f3n concertado y Mar Gonz\u00e1lez, directora del Grado de Psicolog\u00eda de Esic University socia de Ameb y experta en educaci\u00f3n inclusiva. Derecho a la inclusividad, elecci\u00f3n de centro, personal sanitario continuo y a evitar la invisibilizaci\u00f3n.<br>\u00a1Sube el ruido, que se l\u00eda! con la escritora Elena Garc\u00eda acompa\u00f1ada por la influencer Luc\u00eda Mart\u00ednez para hablar de ropa inclusiva.<br>Continuamos con Juan Carlos Murciano, profesor de Tecnolog\u00eda farmac\u00e9utica en Universidad Alfonso X e investigador del Hospital Ram\u00f3n y Cajal para conducir a que los f\u00e1rmacos trabajen justo en la zona del cuerpo donde hay la dolencia.<br>Finalizamos con Christian y el Gabinete Jur\u00eddico.<\/p>\n\n\n\n<figure class=\"wp-block-gallery has-nested-images columns-default is-cropped wp-block-gallery-1 is-layout-flex wp-block-gallery-is-layout-flex\">\n<figure class=\"wp-block-image size-large\"><img loading=\"lazy\" decoding=\"async\" width=\"768\" height=\"1024\" data-id=\"6418\" src=\"https:\/\/radiojabato.es\/wp-content\/uploads\/2025\/09\/Juan-Alberto-gutierrez-768x1024.jpg\" alt=\"\" class=\"wp-image-6418\" srcset=\"https:\/\/radiojabato.es\/wp-content\/uploads\/2025\/09\/Juan-Alberto-gutierrez-768x1024.jpg 768w, https:\/\/radiojabato.es\/wp-content\/uploads\/2025\/09\/Juan-Alberto-gutierrez-225x300.jpg 225w, https:\/\/radiojabato.es\/wp-content\/uploads\/2025\/09\/Juan-Alberto-gutierrez.jpg 960w\" sizes=\"auto, (max-width: 768px) 100vw, 768px\" \/><\/figure>\n\n\n\n<figure class=\"wp-block-image size-large\"><img loading=\"lazy\" decoding=\"async\" width=\"768\" height=\"1024\" data-id=\"6421\" src=\"https:\/\/radiojabato.es\/wp-content\/uploads\/2025\/09\/Mar-gonzalez-768x1024.jpg\" alt=\"\" class=\"wp-image-6421\" srcset=\"https:\/\/radiojabato.es\/wp-content\/uploads\/2025\/09\/Mar-gonzalez-768x1024.jpg 768w, https:\/\/radiojabato.es\/wp-content\/uploads\/2025\/09\/Mar-gonzalez-225x300.jpg 225w, https:\/\/radiojabato.es\/wp-content\/uploads\/2025\/09\/Mar-gonzalez.jpg 960w\" sizes=\"auto, (max-width: 768px) 100vw, 768px\" \/><\/figure>\n\n\n\n<figure class=\"wp-block-image size-large\"><img loading=\"lazy\" decoding=\"async\" width=\"768\" height=\"1024\" data-id=\"6420\" src=\"https:\/\/radiojabato.es\/wp-content\/uploads\/2025\/09\/Maria-Jimenez-cabada-768x1024.jpg\" alt=\"\" class=\"wp-image-6420\" srcset=\"https:\/\/radiojabato.es\/wp-content\/uploads\/2025\/09\/Maria-Jimenez-cabada-768x1024.jpg 768w, https:\/\/radiojabato.es\/wp-content\/uploads\/2025\/09\/Maria-Jimenez-cabada-225x300.jpg 225w, https:\/\/radiojabato.es\/wp-content\/uploads\/2025\/09\/Maria-Jimenez-cabada.jpg 960w\" sizes=\"auto, (max-width: 768px) 100vw, 768px\" \/><\/figure>\n\n\n\n<figure class=\"wp-block-image size-large\"><img loading=\"lazy\" decoding=\"async\" width=\"768\" height=\"1024\" data-id=\"6419\" src=\"https:\/\/radiojabato.es\/wp-content\/uploads\/2025\/09\/photo_6_2025-09-25_17-18-53-768x1024.jpg\" alt=\"\" class=\"wp-image-6419\" srcset=\"https:\/\/radiojabato.es\/wp-content\/uploads\/2025\/09\/photo_6_2025-09-25_17-18-53-768x1024.jpg 768w, https:\/\/radiojabato.es\/wp-content\/uploads\/2025\/09\/photo_6_2025-09-25_17-18-53-225x300.jpg 225w, https:\/\/radiojabato.es\/wp-content\/uploads\/2025\/09\/photo_6_2025-09-25_17-18-53.jpg 960w\" sizes=\"auto, (max-width: 768px) 100vw, 768px\" \/><\/figure>\n\n\n\n<figure class=\"wp-block-image size-large\"><img loading=\"lazy\" decoding=\"async\" width=\"768\" height=\"1024\" data-id=\"6417\" src=\"https:\/\/radiojabato.es\/wp-content\/uploads\/2025\/09\/photo_8_2025-09-25_17-18-53-768x1024.jpg\" alt=\"\" class=\"wp-image-6417\" srcset=\"https:\/\/radiojabato.es\/wp-content\/uploads\/2025\/09\/photo_8_2025-09-25_17-18-53-768x1024.jpg 768w, https:\/\/radiojabato.es\/wp-content\/uploads\/2025\/09\/photo_8_2025-09-25_17-18-53-225x300.jpg 225w, https:\/\/radiojabato.es\/wp-content\/uploads\/2025\/09\/photo_8_2025-09-25_17-18-53.jpg 960w\" sizes=\"auto, (max-width: 768px) 100vw, 768px\" \/><\/figure>\n\n\n\n<figure class=\"wp-block-image size-large\"><img loading=\"lazy\" decoding=\"async\" width=\"768\" height=\"1024\" data-id=\"6416\" src=\"https:\/\/radiojabato.es\/wp-content\/uploads\/2025\/09\/photo_9_2025-09-25_17-18-53-768x1024.jpg\" alt=\"\" class=\"wp-image-6416\" srcset=\"https:\/\/radiojabato.es\/wp-content\/uploads\/2025\/09\/photo_9_2025-09-25_17-18-53-768x1024.jpg 768w, https:\/\/radiojabato.es\/wp-content\/uploads\/2025\/09\/photo_9_2025-09-25_17-18-53-225x300.jpg 225w, https:\/\/radiojabato.es\/wp-content\/uploads\/2025\/09\/photo_9_2025-09-25_17-18-53.jpg 960w\" sizes=\"auto, (max-width: 768px) 100vw, 768px\" \/><\/figure>\n<\/figure>\n","protected":false},"excerpt":{"rendered":"<p>Hablamos de la situaci\u00f3n de la educaci\u00f3n inclusiva con Juan Alberto Guti\u00e9rrez, Director General de Educaci\u00f3n Infantil, Primaria y Especial de la Comunidad de Madrid, con Laura Ca\u00f1as, madre de [&hellip;]<\/p>\n","protected":false},"author":2,"featured_media":0,"comment_status":"open","ping_status":"open","sticky":false,"template":"","format":"standard","meta":{"footnotes":""},"categories":[1625],"tags":[332,2089,700,2090,48,1629],"class_list":["post-6415","post","type-post","status-publish","format-standard","hentry","category-sin-palos-en-las-ruedas","tag-discapacidad","tag-educacion-inclusiva","tag-famma-cocemfe","tag-farmacos-dirigidos","tag-radio-jabato","tag-sin-palos-en-las-ruedas"],"_links":{"self":[{"href":"https:\/\/radiojabato.es\/index.php?rest_route=\/wp\/v2\/posts\/6415","targetHints":{"allow":["GET"]}}],"collection":[{"href":"https:\/\/radiojabato.es\/index.php?rest_route=\/wp\/v2\/posts"}],"about":[{"href":"https:\/\/radiojabato.es\/index.php?rest_route=\/wp\/v2\/types\/post"}],"author":[{"embeddable":true,"href":"https:\/\/radiojabato.es\/index.php?rest_route=\/wp\/v2\/users\/2"}],"replies":[{"embeddable":true,"href":"https:\/\/radiojabato.es\/index.php?rest_route=%2Fwp%2Fv2%2Fcomments&post=6415"}],"version-history":[{"count":1,"href":"https:\/\/radiojabato.es\/index.php?rest_route=\/wp\/v2\/posts\/6415\/revisions"}],"predecessor-version":[{"id":6422,"href":"https:\/\/radiojabato.es\/index.php?rest_route=\/wp\/v2\/posts\/6415\/revisions\/6422"}],"wp:attachment":[{"href":"https:\/\/radiojabato.es\/index.php?rest_route=%2Fwp%2Fv2%2Fmedia&parent=6415"}],"wp:term":[{"taxonomy":"category","embeddable":true,"href":"https:\/\/radiojabato.es\/index.php?rest_route=%2Fwp%2Fv2%2Fcategories&post=6415"},{"taxonomy":"post_tag","embeddable":true,"href":"https:\/\/radiojabato.es\/index.php?rest_route=%2Fwp%2Fv2%2Ftags&post=6415"}],"curies":[{"name":"wp","href":"https:\/\/api.w.org\/{rel}","templated":true}]}}