{"id":6398,"date":"2025-09-16T09:48:19","date_gmt":"2025-09-16T09:48:19","guid":{"rendered":"https:\/\/radiojabato.es\/?p=6398"},"modified":"2025-09-16T09:49:06","modified_gmt":"2025-09-16T09:49:06","slug":"5-de-octubre-en-campo-real-iii-carrera-solidaria-dale-marcha","status":"publish","type":"post","link":"https:\/\/radiojabato.es\/?p=6398","title":{"rendered":"5 de OCTUBRE EN CAMPO REAL. III CARRERA SOLIDARIA \u00abDALE MARCHA\u00bb"},"content":{"rendered":"\n<p>Ismael Calle retoma los programas de @cosladaaccesible en @radiojabato. En esta entrega se actualiza la informaci\u00f3n de la asociaci\u00f3n COSLADA ACCESIBLE, sus actividades y participaci\u00f3n en la \u00abSemana Europea de la Movilidad\u00bb (#SEM2025 ). As\u00ed como el comienzo del curso de Lengua De Signos, campa\u00f1a de Pictogramas en comercios y establecimientos hosteleros. Adem\u00e1s, promocionamos una carrera solidaria que se celebra en Campo Real organizada por Club adapta Campo Real @adaptacamporeal, este pr\u00f3ximo 5 de Octubre, entrevistando a su presidente Alberto Estebaranz, que, adem\u00e1s es jugador de p\u00e1del y balonmano en silla de ruedas. Le acompa\u00f1an la tesorera Silvia de las Heras y uno de los muchos voluntarios Jos\u00e9 Dom\u00ednguez. Acomp\u00e1\u00f1anos en esta agradable conversaci\u00f3n y propuesta todo ello bajo el control de\u00a0Paquito\u00a0Coria<\/p>\n\n\n\n<figure class=\"wp-block-embed is-type-video is-provider-youtube wp-block-embed-youtube wp-embed-aspect-16-9 wp-has-aspect-ratio\"><div class=\"wp-block-embed__wrapper\">\n<iframe loading=\"lazy\" title=\"5 de OCTUBRE EN CAMPO REAL. III CARRERA SOLIDARIA &quot;DALE MARCHA&quot;\" width=\"750\" height=\"422\" src=\"https:\/\/www.youtube.com\/embed\/gDpEuHu4Lr0?feature=oembed\" frameborder=\"0\" allow=\"accelerometer; autoplay; clipboard-write; encrypted-media; gyroscope; picture-in-picture; web-share\" referrerpolicy=\"strict-origin-when-cross-origin\" allowfullscreen><\/iframe>\n<\/div><\/figure>\n\n\n\n<iframe src=\"https:\/\/www.ivoox.com\/player_ej_158035396_6_1.html?c1=ad0000\" width=\"100%\" height=\"200\" frameborder=\"0\" allowfullscreen=\"\" scrolling=\"no\" loading=\"lazy\"><\/iframe>\n","protected":false},"excerpt":{"rendered":"<p>Ismael Calle retoma los programas de @cosladaaccesible en @radiojabato. En esta entrega se actualiza la informaci\u00f3n de la asociaci\u00f3n COSLADA ACCESIBLE, sus actividades y participaci\u00f3n en la \u00abSemana Europea de [&hellip;]<\/p>\n","protected":false},"author":9,"featured_media":0,"comment_status":"open","ping_status":"open","sticky":false,"template":"","format":"standard","meta":{"footnotes":""},"categories":[337],"tags":[],"class_list":["post-6398","post","type-post","status-publish","format-standard","hentry","category-coslada-accesible"],"_links":{"self":[{"href":"https:\/\/radiojabato.es\/index.php?rest_route=\/wp\/v2\/posts\/6398","targetHints":{"allow":["GET"]}}],"collection":[{"href":"https:\/\/radiojabato.es\/index.php?rest_route=\/wp\/v2\/posts"}],"about":[{"href":"https:\/\/radiojabato.es\/index.php?rest_route=\/wp\/v2\/types\/post"}],"author":[{"embeddable":true,"href":"https:\/\/radiojabato.es\/index.php?rest_route=\/wp\/v2\/users\/9"}],"replies":[{"embeddable":true,"href":"https:\/\/radiojabato.es\/index.php?rest_route=%2Fwp%2Fv2%2Fcomments&post=6398"}],"version-history":[{"count":1,"href":"https:\/\/radiojabato.es\/index.php?rest_route=\/wp\/v2\/posts\/6398\/revisions"}],"predecessor-version":[{"id":6399,"href":"https:\/\/radiojabato.es\/index.php?rest_route=\/wp\/v2\/posts\/6398\/revisions\/6399"}],"wp:attachment":[{"href":"https:\/\/radiojabato.es\/index.php?rest_route=%2Fwp%2Fv2%2Fmedia&parent=6398"}],"wp:term":[{"taxonomy":"category","embeddable":true,"href":"https:\/\/radiojabato.es\/index.php?rest_route=%2Fwp%2Fv2%2Fcategories&post=6398"},{"taxonomy":"post_tag","embeddable":true,"href":"https:\/\/radiojabato.es\/index.php?rest_route=%2Fwp%2Fv2%2Ftags&post=6398"}],"curies":[{"name":"wp","href":"https:\/\/api.w.org\/{rel}","templated":true}]}}