{"id":6390,"date":"2025-09-15T10:49:37","date_gmt":"2025-09-15T10:49:37","guid":{"rendered":"https:\/\/radiojabato.es\/?p=6390"},"modified":"2025-09-15T10:49:37","modified_gmt":"2025-09-15T10:49:37","slug":"colectivo-puente-madera-espana-se-quema","status":"publish","type":"post","link":"https:\/\/radiojabato.es\/?p=6390","title":{"rendered":"COLECTIVO PUENTE MADERA: \u00abEspa\u00f1a se Quema\u00bb"},"content":{"rendered":"\n<iframe src=\"https:\/\/www.ivoox.com\/player_ej_157845620_6_1.html?c1=73bee8\" width=\"100%\" height=\"200\" frameborder=\"0\" allowfullscreen=\"\" scrolling=\"no\" loading=\"lazy\"><\/iframe>\n\n\n\n<figure class=\"wp-block-embed is-type-video is-provider-youtube wp-block-embed-youtube wp-embed-aspect-16-9 wp-has-aspect-ratio\"><div class=\"wp-block-embed__wrapper\">\n<iframe loading=\"lazy\" title=\"COLECTIVO PUENTE MADERA: &quot;Espa\u00f1a se Quema&quot;\" width=\"750\" height=\"422\" src=\"https:\/\/www.youtube.com\/embed\/xRSNIxOh77U?feature=oembed\" frameborder=\"0\" allow=\"accelerometer; autoplay; clipboard-write; encrypted-media; gyroscope; picture-in-picture; web-share\" referrerpolicy=\"strict-origin-when-cross-origin\" allowfullscreen><\/iframe>\n<\/div><\/figure>\n\n\n\n<p>El verano del 2025 pasar\u00e1 a nuestra memoria como uno de los peores a\u00f1os para nuestro patrimonio natural, como un aut\u00e9ntico desastre. Pero nosotros nos preguntamos: \u00bfpodr\u00edan\u00a0haberse evitado los incendios?<br>Es\u00a0absolutamente necesaria la reducci\u00f3n de combustible vegetal,\u00a0la realizaci\u00f3n de\u00a0desbroces selectivos, la recuperaci\u00f3n de usos agrarios, etc.\u00a0Es\u00a0decir,\u00a0desarrollar\u00a0una buena gesti\u00f3n con una planificaci\u00f3n del ecosistema con un plan de prevenci\u00f3n de incendios y de conservaci\u00f3n del medio natural.<br>La realidad es que las pol\u00edticas matan y en este caso, tambi\u00e9n queman.<\/p>\n\n\n\n<figure class=\"wp-block-gallery has-nested-images columns-default is-cropped wp-block-gallery-1 is-layout-flex wp-block-gallery-is-layout-flex\">\n<figure class=\"wp-block-image size-large\"><img loading=\"lazy\" decoding=\"async\" width=\"960\" height=\"500\" data-id=\"6391\" src=\"https:\/\/radiojabato.es\/wp-content\/uploads\/2025\/09\/Colectivo-puente-madera.jpg\" alt=\"\" class=\"wp-image-6391\" srcset=\"https:\/\/radiojabato.es\/wp-content\/uploads\/2025\/09\/Colectivo-puente-madera.jpg 960w, https:\/\/radiojabato.es\/wp-content\/uploads\/2025\/09\/Colectivo-puente-madera-300x156.jpg 300w, https:\/\/radiojabato.es\/wp-content\/uploads\/2025\/09\/Colectivo-puente-madera-768x400.jpg 768w\" sizes=\"auto, (max-width: 960px) 100vw, 960px\" \/><\/figure>\n\n\n\n<figure class=\"wp-block-image size-large\"><img loading=\"lazy\" decoding=\"async\" width=\"1024\" height=\"682\" data-id=\"6392\" src=\"https:\/\/radiojabato.es\/wp-content\/uploads\/2025\/09\/logo-rojo-1024x682.jpg\" alt=\"\" class=\"wp-image-6392\" srcset=\"https:\/\/radiojabato.es\/wp-content\/uploads\/2025\/09\/logo-rojo-1024x682.jpg 1024w, https:\/\/radiojabato.es\/wp-content\/uploads\/2025\/09\/logo-rojo-300x200.jpg 300w, https:\/\/radiojabato.es\/wp-content\/uploads\/2025\/09\/logo-rojo-768x512.jpg 768w, https:\/\/radiojabato.es\/wp-content\/uploads\/2025\/09\/logo-rojo.jpg 1280w\" sizes=\"auto, (max-width: 1024px) 100vw, 1024px\" \/><\/figure>\n\n\n\n<figure class=\"wp-block-image size-large\"><img loading=\"lazy\" decoding=\"async\" width=\"1024\" height=\"682\" data-id=\"6393\" src=\"https:\/\/radiojabato.es\/wp-content\/uploads\/2025\/09\/photo_2025-09-15_12-20-19-1024x682.jpg\" alt=\"\" class=\"wp-image-6393\" srcset=\"https:\/\/radiojabato.es\/wp-content\/uploads\/2025\/09\/photo_2025-09-15_12-20-19-1024x682.jpg 1024w, https:\/\/radiojabato.es\/wp-content\/uploads\/2025\/09\/photo_2025-09-15_12-20-19-300x200.jpg 300w, https:\/\/radiojabato.es\/wp-content\/uploads\/2025\/09\/photo_2025-09-15_12-20-19-768x512.jpg 768w, https:\/\/radiojabato.es\/wp-content\/uploads\/2025\/09\/photo_2025-09-15_12-20-19.jpg 1079w\" sizes=\"auto, (max-width: 1024px) 100vw, 1024px\" \/><\/figure>\n<\/figure>\n","protected":false},"excerpt":{"rendered":"<p>El verano del 2025 pasar\u00e1 a nuestra memoria como uno de los peores a\u00f1os para nuestro patrimonio natural, como un aut\u00e9ntico desastre. Pero nosotros nos preguntamos: \u00bfpodr\u00edan\u00a0haberse evitado los incendios?Es\u00a0absolutamente [&hellip;]<\/p>\n","protected":false},"author":2,"featured_media":0,"comment_status":"open","ping_status":"open","sticky":false,"template":"","format":"standard","meta":{"footnotes":""},"categories":[96],"tags":[99,97,473,133,48],"class_list":["post-6390","post","type-post","status-publish","format-standard","hentry","category-colectivo-puente-madera","tag-albacete","tag-colectivo-puente-madera","tag-incendios","tag-naturaleza","tag-radio-jabato"],"_links":{"self":[{"href":"https:\/\/radiojabato.es\/index.php?rest_route=\/wp\/v2\/posts\/6390","targetHints":{"allow":["GET"]}}],"collection":[{"href":"https:\/\/radiojabato.es\/index.php?rest_route=\/wp\/v2\/posts"}],"about":[{"href":"https:\/\/radiojabato.es\/index.php?rest_route=\/wp\/v2\/types\/post"}],"author":[{"embeddable":true,"href":"https:\/\/radiojabato.es\/index.php?rest_route=\/wp\/v2\/users\/2"}],"replies":[{"embeddable":true,"href":"https:\/\/radiojabato.es\/index.php?rest_route=%2Fwp%2Fv2%2Fcomments&post=6390"}],"version-history":[{"count":1,"href":"https:\/\/radiojabato.es\/index.php?rest_route=\/wp\/v2\/posts\/6390\/revisions"}],"predecessor-version":[{"id":6394,"href":"https:\/\/radiojabato.es\/index.php?rest_route=\/wp\/v2\/posts\/6390\/revisions\/6394"}],"wp:attachment":[{"href":"https:\/\/radiojabato.es\/index.php?rest_route=%2Fwp%2Fv2%2Fmedia&parent=6390"}],"wp:term":[{"taxonomy":"category","embeddable":true,"href":"https:\/\/radiojabato.es\/index.php?rest_route=%2Fwp%2Fv2%2Fcategories&post=6390"},{"taxonomy":"post_tag","embeddable":true,"href":"https:\/\/radiojabato.es\/index.php?rest_route=%2Fwp%2Fv2%2Ftags&post=6390"}],"curies":[{"name":"wp","href":"https:\/\/api.w.org\/{rel}","templated":true}]}}