{"id":6285,"date":"2025-07-03T19:11:53","date_gmt":"2025-07-03T19:11:53","guid":{"rendered":"https:\/\/radiojabato.es\/?p=6285"},"modified":"2025-07-03T19:11:53","modified_gmt":"2025-07-03T19:11:53","slug":"sin-palos-en-las-ruedas-sensibilidad-quimica-acondroplasia-viajes-inclusivos-humor-y-gabinete-legal","status":"publish","type":"post","link":"https:\/\/radiojabato.es\/?p=6285","title":{"rendered":"SIN PALOS EN LAS RUEDAS: \u00abSensibilidad Qu\u00edmica, Acondroplasia, Viajes Inclusivos, Humor y Gabinete Legal.\u00bb"},"content":{"rendered":"\n<iframe src=\"https:\/\/www.ivoox.com\/player_ej_151692693_6_1.html?c1=c03944\" width=\"100%\" height=\"200\" frameborder=\"0\" allowfullscreen=\"\" scrolling=\"no\" loading=\"lazy\"><\/iframe>\n\n\n\n<figure class=\"wp-block-embed is-type-video is-provider-youtube wp-block-embed-youtube wp-embed-aspect-16-9 wp-has-aspect-ratio\"><div class=\"wp-block-embed__wrapper\">\n<iframe loading=\"lazy\" title=\"SIN PALOS EN LAS RUEDAS: &quot;Sensibilidad Qu\u00edmica, Acondroplasia, Viajes Inclusivos, Humor y Legal.&quot;\" width=\"750\" height=\"422\" src=\"https:\/\/www.youtube.com\/embed\/-AO6ZzcXl9M?feature=oembed\" frameborder=\"0\" allow=\"accelerometer; autoplay; clipboard-write; encrypted-media; gyroscope; picture-in-picture; web-share\" referrerpolicy=\"strict-origin-when-cross-origin\" allowfullscreen><\/iframe>\n<\/div><\/figure>\n\n\n\n<p>En este \u00faltimo programa antes del par\u00f3n veraniego, hablamos de \u00abSensibilidad Qu\u00edmica\u00bb con Mar\u00eda L\u00f3pez Matallana, Presidenta de la Asociaci\u00f3n de Afectados por S\u00edndrome de Fatiga Cr\u00f3nica y la Doctora Pilar Mu\u00f1oz-Calero.<br>Con el actor Emilio Gavira hablamos de \u00abAcondroplasia\u00bb y pasamos con Luc\u00eda Chapa, responsable de \u00c1rea de Accesibilidad y Vida Independiente de COCEMFE, a hablar de Viajes Inclusivos.<br>Finalizamos con el humor de Tony Melero y el Gabinete legal de Christian Herrera.<\/p>\n\n\n\n<figure class=\"wp-block-gallery has-nested-images columns-default is-cropped wp-block-gallery-1 is-layout-flex wp-block-gallery-is-layout-flex\">\n<figure class=\"wp-block-image size-large\"><img loading=\"lazy\" decoding=\"async\" width=\"1024\" height=\"776\" data-id=\"6286\" src=\"https:\/\/radiojabato.es\/wp-content\/uploads\/2025\/07\/logho-autonomia-personal-1024x776.jpg\" alt=\"\" class=\"wp-image-6286\" srcset=\"https:\/\/radiojabato.es\/wp-content\/uploads\/2025\/07\/logho-autonomia-personal-1024x776.jpg 1024w, https:\/\/radiojabato.es\/wp-content\/uploads\/2025\/07\/logho-autonomia-personal-300x227.jpg 300w, https:\/\/radiojabato.es\/wp-content\/uploads\/2025\/07\/logho-autonomia-personal-768x582.jpg 768w, https:\/\/radiojabato.es\/wp-content\/uploads\/2025\/07\/logho-autonomia-personal.jpg 1280w\" sizes=\"auto, (max-width: 1024px) 100vw, 1024px\" \/><\/figure>\n\n\n\n<figure class=\"wp-block-image size-large\"><img loading=\"lazy\" decoding=\"async\" width=\"1024\" height=\"682\" data-id=\"6287\" src=\"https:\/\/radiojabato.es\/wp-content\/uploads\/2025\/07\/logo-rojo-1-1024x682.jpg\" alt=\"\" class=\"wp-image-6287\" srcset=\"https:\/\/radiojabato.es\/wp-content\/uploads\/2025\/07\/logo-rojo-1-1024x682.jpg 1024w, https:\/\/radiojabato.es\/wp-content\/uploads\/2025\/07\/logo-rojo-1-300x200.jpg 300w, https:\/\/radiojabato.es\/wp-content\/uploads\/2025\/07\/logo-rojo-1-768x512.jpg 768w, https:\/\/radiojabato.es\/wp-content\/uploads\/2025\/07\/logo-rojo-1.jpg 1280w\" sizes=\"auto, (max-width: 1024px) 100vw, 1024px\" \/><\/figure>\n\n\n\n<figure class=\"wp-block-image size-large\"><img loading=\"lazy\" decoding=\"async\" width=\"1024\" height=\"1024\" data-id=\"6289\" src=\"https:\/\/radiojabato.es\/wp-content\/uploads\/2025\/07\/Logo-1024x1024.jpg\" alt=\"\" class=\"wp-image-6289\" srcset=\"https:\/\/radiojabato.es\/wp-content\/uploads\/2025\/07\/Logo-1024x1024.jpg 1024w, https:\/\/radiojabato.es\/wp-content\/uploads\/2025\/07\/Logo-300x300.jpg 300w, https:\/\/radiojabato.es\/wp-content\/uploads\/2025\/07\/Logo-150x150.jpg 150w, https:\/\/radiojabato.es\/wp-content\/uploads\/2025\/07\/Logo-768x768.jpg 768w, https:\/\/radiojabato.es\/wp-content\/uploads\/2025\/07\/Logo-410x410.jpg 410w, https:\/\/radiojabato.es\/wp-content\/uploads\/2025\/07\/Logo.jpg 1080w\" sizes=\"auto, (max-width: 1024px) 100vw, 1024px\" \/><\/figure>\n\n\n\n<figure class=\"wp-block-image size-large\"><img loading=\"lazy\" decoding=\"async\" width=\"1024\" height=\"768\" data-id=\"6288\" src=\"https:\/\/radiojabato.es\/wp-content\/uploads\/2025\/07\/photo_5_2025-07-03_20-49-36-1024x768.jpg\" alt=\"\" class=\"wp-image-6288\" srcset=\"https:\/\/radiojabato.es\/wp-content\/uploads\/2025\/07\/photo_5_2025-07-03_20-49-36-1024x768.jpg 1024w, https:\/\/radiojabato.es\/wp-content\/uploads\/2025\/07\/photo_5_2025-07-03_20-49-36-300x225.jpg 300w, https:\/\/radiojabato.es\/wp-content\/uploads\/2025\/07\/photo_5_2025-07-03_20-49-36-768x576.jpg 768w, https:\/\/radiojabato.es\/wp-content\/uploads\/2025\/07\/photo_5_2025-07-03_20-49-36.jpg 1280w\" sizes=\"auto, (max-width: 1024px) 100vw, 1024px\" \/><\/figure>\n<\/figure>\n","protected":false},"excerpt":{"rendered":"<p>En este \u00faltimo programa antes del par\u00f3n veraniego, hablamos de \u00abSensibilidad Qu\u00edmica\u00bb con Mar\u00eda L\u00f3pez Matallana, Presidenta de la Asociaci\u00f3n de Afectados por S\u00edndrome de Fatiga Cr\u00f3nica y la Doctora [&hellip;]<\/p>\n","protected":false},"author":2,"featured_media":0,"comment_status":"open","ping_status":"open","sticky":false,"template":"","format":"standard","meta":{"footnotes":""},"categories":[1625],"tags":[1770,332,700,1630,48,1629],"class_list":["post-6285","post","type-post","status-publish","format-standard","hentry","category-sin-palos-en-las-ruedas","tag-autonomia-personal","tag-discapacidad","tag-famma-cocemfe","tag-fundacion-360-para-la-autonomia-personal","tag-radio-jabato","tag-sin-palos-en-las-ruedas"],"_links":{"self":[{"href":"https:\/\/radiojabato.es\/index.php?rest_route=\/wp\/v2\/posts\/6285","targetHints":{"allow":["GET"]}}],"collection":[{"href":"https:\/\/radiojabato.es\/index.php?rest_route=\/wp\/v2\/posts"}],"about":[{"href":"https:\/\/radiojabato.es\/index.php?rest_route=\/wp\/v2\/types\/post"}],"author":[{"embeddable":true,"href":"https:\/\/radiojabato.es\/index.php?rest_route=\/wp\/v2\/users\/2"}],"replies":[{"embeddable":true,"href":"https:\/\/radiojabato.es\/index.php?rest_route=%2Fwp%2Fv2%2Fcomments&post=6285"}],"version-history":[{"count":1,"href":"https:\/\/radiojabato.es\/index.php?rest_route=\/wp\/v2\/posts\/6285\/revisions"}],"predecessor-version":[{"id":6290,"href":"https:\/\/radiojabato.es\/index.php?rest_route=\/wp\/v2\/posts\/6285\/revisions\/6290"}],"wp:attachment":[{"href":"https:\/\/radiojabato.es\/index.php?rest_route=%2Fwp%2Fv2%2Fmedia&parent=6285"}],"wp:term":[{"taxonomy":"category","embeddable":true,"href":"https:\/\/radiojabato.es\/index.php?rest_route=%2Fwp%2Fv2%2Fcategories&post=6285"},{"taxonomy":"post_tag","embeddable":true,"href":"https:\/\/radiojabato.es\/index.php?rest_route=%2Fwp%2Fv2%2Ftags&post=6285"}],"curies":[{"name":"wp","href":"https:\/\/api.w.org\/{rel}","templated":true}]}}