{"id":6282,"date":"2025-07-03T09:02:53","date_gmt":"2025-07-03T09:02:53","guid":{"rendered":"https:\/\/radiojabato.es\/?p=6282"},"modified":"2025-07-03T09:02:53","modified_gmt":"2025-07-03T09:02:53","slug":"radio-aspimip-valorando","status":"publish","type":"post","link":"https:\/\/radiojabato.es\/?p=6282","title":{"rendered":"RADIO ASPIMIP: \u00abValorando.\u00bb"},"content":{"rendered":"\n<iframe src=\"https:\/\/www.ivoox.com\/player_ej_151638821_6_1.html?c1=a5c642\" width=\"100%\" height=\"200\" frameborder=\"0\" allowfullscreen=\"\" scrolling=\"no\" loading=\"lazy\"><\/iframe>\n\n\n\n<figure class=\"wp-block-embed is-type-video is-provider-youtube wp-block-embed-youtube wp-embed-aspect-4-3 wp-has-aspect-ratio\"><div class=\"wp-block-embed__wrapper\">\n<iframe loading=\"lazy\" title=\"RADIO ASPIMIP: &quot;Valorando.&quot;\" width=\"750\" height=\"563\" src=\"https:\/\/www.youtube.com\/embed\/QAZN6Fd-pYk?feature=oembed\" frameborder=\"0\" allow=\"accelerometer; autoplay; clipboard-write; encrypted-media; gyroscope; picture-in-picture; web-share\" referrerpolicy=\"strict-origin-when-cross-origin\" allowfullscreen><\/iframe>\n<\/div><\/figure>\n\n\n\n<p>En este programa, bajo la direcci\u00f3n de Juan Carlos Vel\u00e1zquez, Manuel, Anabel, Pedro, Jes\u00fas, Santiago, Nuria y Laura, nos valoran sus actividades, qu\u00e9 mejorar\u00edan y qu\u00e9 cositas cambiar\u00edan.<\/p>\n\n\n\n<figure class=\"wp-block-image size-full\"><img loading=\"lazy\" decoding=\"async\" width=\"259\" height=\"194\" src=\"https:\/\/radiojabato.es\/wp-content\/uploads\/2025\/07\/images.jpg\" alt=\"\" class=\"wp-image-6283\"\/><\/figure>\n","protected":false},"excerpt":{"rendered":"<p>En este programa, bajo la direcci\u00f3n de Juan Carlos Vel\u00e1zquez, Manuel, Anabel, Pedro, Jes\u00fas, Santiago, Nuria y Laura, nos valoran sus actividades, qu\u00e9 mejorar\u00edan y qu\u00e9 cositas cambiar\u00edan.<\/p>\n","protected":false},"author":2,"featured_media":0,"comment_status":"open","ping_status":"open","sticky":false,"template":"","format":"standard","meta":{"footnotes":""},"categories":[1514],"tags":[83,84,1516,48,2043],"class_list":["post-6282","post","type-post","status-publish","format-standard","hentry","category-radio-aspimip","tag-aspimip","tag-diversidad","tag-radio-aspimip","tag-radio-jabato","tag-vida-independiente"],"_links":{"self":[{"href":"https:\/\/radiojabato.es\/index.php?rest_route=\/wp\/v2\/posts\/6282","targetHints":{"allow":["GET"]}}],"collection":[{"href":"https:\/\/radiojabato.es\/index.php?rest_route=\/wp\/v2\/posts"}],"about":[{"href":"https:\/\/radiojabato.es\/index.php?rest_route=\/wp\/v2\/types\/post"}],"author":[{"embeddable":true,"href":"https:\/\/radiojabato.es\/index.php?rest_route=\/wp\/v2\/users\/2"}],"replies":[{"embeddable":true,"href":"https:\/\/radiojabato.es\/index.php?rest_route=%2Fwp%2Fv2%2Fcomments&post=6282"}],"version-history":[{"count":1,"href":"https:\/\/radiojabato.es\/index.php?rest_route=\/wp\/v2\/posts\/6282\/revisions"}],"predecessor-version":[{"id":6284,"href":"https:\/\/radiojabato.es\/index.php?rest_route=\/wp\/v2\/posts\/6282\/revisions\/6284"}],"wp:attachment":[{"href":"https:\/\/radiojabato.es\/index.php?rest_route=%2Fwp%2Fv2%2Fmedia&parent=6282"}],"wp:term":[{"taxonomy":"category","embeddable":true,"href":"https:\/\/radiojabato.es\/index.php?rest_route=%2Fwp%2Fv2%2Fcategories&post=6282"},{"taxonomy":"post_tag","embeddable":true,"href":"https:\/\/radiojabato.es\/index.php?rest_route=%2Fwp%2Fv2%2Ftags&post=6282"}],"curies":[{"name":"wp","href":"https:\/\/api.w.org\/{rel}","templated":true}]}}