{"id":6278,"date":"2025-07-02T21:38:17","date_gmt":"2025-07-02T21:38:17","guid":{"rendered":"https:\/\/radiojabato.es\/?p=6278"},"modified":"2025-07-02T21:38:17","modified_gmt":"2025-07-02T21:38:17","slug":"accion-social-ciclismo-paralimpico","status":"publish","type":"post","link":"https:\/\/radiojabato.es\/?p=6278","title":{"rendered":"ACCI\u00d3N SOCIAL: \u201cCiclismo Paral\u00edmpico.\u201d"},"content":{"rendered":"\n<iframe src=\"https:\/\/www.ivoox.com\/player_ej_151607766_6_1.html?c1=cb0c0c\" width=\"100%\" height=\"200\" frameborder=\"0\" allowfullscreen=\"\" scrolling=\"no\" loading=\"lazy\"><\/iframe>\n\n\n\n<figure class=\"wp-block-embed is-type-video is-provider-youtube wp-block-embed-youtube wp-embed-aspect-16-9 wp-has-aspect-ratio\"><div class=\"wp-block-embed__wrapper\">\n<iframe loading=\"lazy\" title=\"ACCI\u00d3N SOCIAL: \u201cCiclismo Paral\u00edmpico.\u201d\" width=\"750\" height=\"422\" src=\"https:\/\/www.youtube.com\/embed\/Q3_3uJy75Ws?feature=oembed\" frameborder=\"0\" allow=\"accelerometer; autoplay; clipboard-write; encrypted-media; gyroscope; picture-in-picture; web-share\" referrerpolicy=\"strict-origin-when-cross-origin\" allowfullscreen><\/iframe>\n<\/div><\/figure>\n\n\n\n<p>Entrevistamos a Bego\u00f1a Luis P\u00e9rez, Seleccionadora Nacional de Ciclismo Paral\u00edmpico y a Carlos Pablos Fern\u00e1ndez, Seleccionador Auton\u00f3mico de Ciclismo Paral\u00edmpico.<br>La alegr\u00eda de que dos personas tan espectaculares como ellas est\u00e9n en nuestro estudio, vecinas de Coslada y San Fernando de Henares que llevan su vida al deporte del ciclismo paral\u00edmpico y, como en otros deportes, poco publicitado en los medios y donde hay campeones y campeonas a nivel internacional.<br>Hablamos de las virtudes de este deporte a nivel f\u00edsico, terap\u00e9utico, de salud mental, de educaci\u00f3n e inclusi\u00f3n, pr\u00f3ximas competiciones a la vista y sobre todo, claridad y aprendizaje de sus opiniones.<\/p>\n\n\n\n<figure class=\"wp-block-gallery has-nested-images columns-default is-cropped wp-block-gallery-1 is-layout-flex wp-block-gallery-is-layout-flex\">\n<figure class=\"wp-block-image size-large\"><img loading=\"lazy\" decoding=\"async\" width=\"768\" height=\"1024\" data-id=\"6279\" src=\"https:\/\/radiojabato.es\/wp-content\/uploads\/2025\/07\/photo_2025-07-02_22-04-20-768x1024.jpg\" alt=\"\" class=\"wp-image-6279\" srcset=\"https:\/\/radiojabato.es\/wp-content\/uploads\/2025\/07\/photo_2025-07-02_22-04-20-768x1024.jpg 768w, https:\/\/radiojabato.es\/wp-content\/uploads\/2025\/07\/photo_2025-07-02_22-04-20-225x300.jpg 225w, https:\/\/radiojabato.es\/wp-content\/uploads\/2025\/07\/photo_2025-07-02_22-04-20.jpg 960w\" sizes=\"auto, (max-width: 768px) 100vw, 768px\" \/><\/figure>\n\n\n\n<figure class=\"wp-block-image size-large\"><img loading=\"lazy\" decoding=\"async\" width=\"1024\" height=\"768\" data-id=\"6280\" src=\"https:\/\/radiojabato.es\/wp-content\/uploads\/2025\/07\/photo_2025-07-02_22-04-26-1024x768.jpg\" alt=\"\" class=\"wp-image-6280\" srcset=\"https:\/\/radiojabato.es\/wp-content\/uploads\/2025\/07\/photo_2025-07-02_22-04-26-1024x768.jpg 1024w, https:\/\/radiojabato.es\/wp-content\/uploads\/2025\/07\/photo_2025-07-02_22-04-26-300x225.jpg 300w, https:\/\/radiojabato.es\/wp-content\/uploads\/2025\/07\/photo_2025-07-02_22-04-26-768x576.jpg 768w, https:\/\/radiojabato.es\/wp-content\/uploads\/2025\/07\/photo_2025-07-02_22-04-26.jpg 1280w\" sizes=\"auto, (max-width: 1024px) 100vw, 1024px\" \/><\/figure>\n<\/figure>\n","protected":false},"excerpt":{"rendered":"<p>Entrevistamos a Bego\u00f1a Luis P\u00e9rez, Seleccionadora Nacional de Ciclismo Paral\u00edmpico y a Carlos Pablos Fern\u00e1ndez, Seleccionador Auton\u00f3mico de Ciclismo Paral\u00edmpico.La alegr\u00eda de que dos personas tan espectaculares como ellas est\u00e9n [&hellip;]<\/p>\n","protected":false},"author":2,"featured_media":0,"comment_status":"open","ping_status":"open","sticky":false,"template":"","format":"standard","meta":{"footnotes":""},"categories":[8],"tags":[2039,2040,2038,332,1533,48],"class_list":["post-6278","post","type-post","status-publish","format-standard","hentry","category-accion-social","tag-begona-luis-perez","tag-carlos-pablos-fernandez","tag-ciclismo-paralimpico","tag-discapacidad","tag-paralimpiadas","tag-radio-jabato"],"_links":{"self":[{"href":"https:\/\/radiojabato.es\/index.php?rest_route=\/wp\/v2\/posts\/6278","targetHints":{"allow":["GET"]}}],"collection":[{"href":"https:\/\/radiojabato.es\/index.php?rest_route=\/wp\/v2\/posts"}],"about":[{"href":"https:\/\/radiojabato.es\/index.php?rest_route=\/wp\/v2\/types\/post"}],"author":[{"embeddable":true,"href":"https:\/\/radiojabato.es\/index.php?rest_route=\/wp\/v2\/users\/2"}],"replies":[{"embeddable":true,"href":"https:\/\/radiojabato.es\/index.php?rest_route=%2Fwp%2Fv2%2Fcomments&post=6278"}],"version-history":[{"count":1,"href":"https:\/\/radiojabato.es\/index.php?rest_route=\/wp\/v2\/posts\/6278\/revisions"}],"predecessor-version":[{"id":6281,"href":"https:\/\/radiojabato.es\/index.php?rest_route=\/wp\/v2\/posts\/6278\/revisions\/6281"}],"wp:attachment":[{"href":"https:\/\/radiojabato.es\/index.php?rest_route=%2Fwp%2Fv2%2Fmedia&parent=6278"}],"wp:term":[{"taxonomy":"category","embeddable":true,"href":"https:\/\/radiojabato.es\/index.php?rest_route=%2Fwp%2Fv2%2Fcategories&post=6278"},{"taxonomy":"post_tag","embeddable":true,"href":"https:\/\/radiojabato.es\/index.php?rest_route=%2Fwp%2Fv2%2Ftags&post=6278"}],"curies":[{"name":"wp","href":"https:\/\/api.w.org\/{rel}","templated":true}]}}