{"id":6247,"date":"2025-06-25T20:20:21","date_gmt":"2025-06-25T20:20:21","guid":{"rendered":"https:\/\/radiojabato.es\/?p=6247"},"modified":"2025-06-25T20:20:21","modified_gmt":"2025-06-25T20:20:21","slug":"accion-social-sergio-gonzalez-la-importancia-de-la-autonomia-personal","status":"publish","type":"post","link":"https:\/\/radiojabato.es\/?p=6247","title":{"rendered":"ACCI\u00d3N SOCIAL: \u00abSergio Gonz\u00e1lez, La Importancia De La Autonom\u00eda Personal.\u00bb"},"content":{"rendered":"\n<iframe src=\"https:\/\/www.ivoox.com\/player_ej_151093755_6_1.html?c1=cb0c0c\" width=\"100%\" height=\"200\" frameborder=\"0\" allowfullscreen=\"\" scrolling=\"no\" loading=\"lazy\"><\/iframe>\n\n\n\n<figure class=\"wp-block-embed is-type-video is-provider-youtube wp-block-embed-youtube wp-embed-aspect-16-9 wp-has-aspect-ratio\"><div class=\"wp-block-embed__wrapper\">\n<iframe loading=\"lazy\" title=\"ACCI\u00d3N SOCIAL: &quot;Sergio Gonz\u00e1lez, La Importancia De La Autonom\u00eda Personal.&quot;\" width=\"750\" height=\"422\" src=\"https:\/\/www.youtube.com\/embed\/L3nvLoDJi5o?feature=oembed\" frameborder=\"0\" allow=\"accelerometer; autoplay; clipboard-write; encrypted-media; gyroscope; picture-in-picture; web-share\" referrerpolicy=\"strict-origin-when-cross-origin\" allowfullscreen><\/iframe>\n<\/div><\/figure>\n\n\n\n<p>Entrevista a Sergio Gonz\u00e1lez, experto en asistencia personal y discapacidad, est\u00e1 realizando el Doctorado en Sociolog\u00eda y Antropolog\u00eda en la Universidad Complutense de Madrid. Cofundador de ICS INGENIA y actualmente en FAMMA-COCEMFE Madrid, nos habla de la importancia para la vida independiente y digna de promocionar la autonom\u00eda personal y reclamar nuestros derechos y muchas cosas m\u00e1s.<\/p>\n\n\n\n<figure class=\"wp-block-gallery has-nested-images columns-default is-cropped wp-block-gallery-1 is-layout-flex wp-block-gallery-is-layout-flex\">\n<figure class=\"wp-block-image size-large\"><img loading=\"lazy\" decoding=\"async\" width=\"768\" height=\"1024\" data-id=\"6250\" src=\"https:\/\/radiojabato.es\/wp-content\/uploads\/2025\/06\/IMG_20250625_112045-768x1024.jpg\" alt=\"\" class=\"wp-image-6250\" srcset=\"https:\/\/radiojabato.es\/wp-content\/uploads\/2025\/06\/IMG_20250625_112045-768x1024.jpg 768w, https:\/\/radiojabato.es\/wp-content\/uploads\/2025\/06\/IMG_20250625_112045-225x300.jpg 225w, https:\/\/radiojabato.es\/wp-content\/uploads\/2025\/06\/IMG_20250625_112045-scaled.jpg 1920w\" sizes=\"auto, (max-width: 768px) 100vw, 768px\" \/><\/figure>\n\n\n\n<figure class=\"wp-block-image size-large\"><img loading=\"lazy\" decoding=\"async\" width=\"768\" height=\"1024\" data-id=\"6249\" src=\"https:\/\/radiojabato.es\/wp-content\/uploads\/2025\/06\/IMG_20250625_112052-768x1024.jpg\" alt=\"\" class=\"wp-image-6249\" srcset=\"https:\/\/radiojabato.es\/wp-content\/uploads\/2025\/06\/IMG_20250625_112052-768x1024.jpg 768w, https:\/\/radiojabato.es\/wp-content\/uploads\/2025\/06\/IMG_20250625_112052-225x300.jpg 225w, https:\/\/radiojabato.es\/wp-content\/uploads\/2025\/06\/IMG_20250625_112052-scaled.jpg 1920w\" sizes=\"auto, (max-width: 768px) 100vw, 768px\" \/><\/figure>\n<\/figure>\n\n\n\n<p><\/p>\n","protected":false},"excerpt":{"rendered":"<p>Entrevista a Sergio Gonz\u00e1lez, experto en asistencia personal y discapacidad, est\u00e1 realizando el Doctorado en Sociolog\u00eda y Antropolog\u00eda en la Universidad Complutense de Madrid. Cofundador de ICS INGENIA y actualmente [&hellip;]<\/p>\n","protected":false},"author":2,"featured_media":0,"comment_status":"open","ping_status":"open","sticky":false,"template":"","format":"standard","meta":{"footnotes":""},"categories":[8],"tags":[56,1770,332,700,48],"class_list":["post-6247","post","type-post","status-publish","format-standard","hentry","category-accion-social","tag-accion-social","tag-autonomia-personal","tag-discapacidad","tag-famma-cocemfe","tag-radio-jabato"],"_links":{"self":[{"href":"https:\/\/radiojabato.es\/index.php?rest_route=\/wp\/v2\/posts\/6247","targetHints":{"allow":["GET"]}}],"collection":[{"href":"https:\/\/radiojabato.es\/index.php?rest_route=\/wp\/v2\/posts"}],"about":[{"href":"https:\/\/radiojabato.es\/index.php?rest_route=\/wp\/v2\/types\/post"}],"author":[{"embeddable":true,"href":"https:\/\/radiojabato.es\/index.php?rest_route=\/wp\/v2\/users\/2"}],"replies":[{"embeddable":true,"href":"https:\/\/radiojabato.es\/index.php?rest_route=%2Fwp%2Fv2%2Fcomments&post=6247"}],"version-history":[{"count":1,"href":"https:\/\/radiojabato.es\/index.php?rest_route=\/wp\/v2\/posts\/6247\/revisions"}],"predecessor-version":[{"id":6251,"href":"https:\/\/radiojabato.es\/index.php?rest_route=\/wp\/v2\/posts\/6247\/revisions\/6251"}],"wp:attachment":[{"href":"https:\/\/radiojabato.es\/index.php?rest_route=%2Fwp%2Fv2%2Fmedia&parent=6247"}],"wp:term":[{"taxonomy":"category","embeddable":true,"href":"https:\/\/radiojabato.es\/index.php?rest_route=%2Fwp%2Fv2%2Fcategories&post=6247"},{"taxonomy":"post_tag","embeddable":true,"href":"https:\/\/radiojabato.es\/index.php?rest_route=%2Fwp%2Fv2%2Ftags&post=6247"}],"curies":[{"name":"wp","href":"https:\/\/api.w.org\/{rel}","templated":true}]}}