{"id":6192,"date":"2025-06-08T08:56:52","date_gmt":"2025-06-08T08:56:52","guid":{"rendered":"https:\/\/radiojabato.es\/?p=6192"},"modified":"2025-06-08T09:09:53","modified_gmt":"2025-06-08T09:09:53","slug":"renacer-con-la-escritura-presentacion-de-programa","status":"publish","type":"post","link":"https:\/\/radiojabato.es\/?p=6192","title":{"rendered":"RENACER CON LA ESCRITURA. Presentaci\u00f3n de programa."},"content":{"rendered":"\n<p>El pasado 22 de mayo tuvimos el placer de presentar, en Radio Jabato, nuestra Asociaci\u00f3n de Escritura F\u00e9nix. A la cita acudieron algunos de nuestros miembros: Angelina, Brenda, Cati y Juan, quienes hablaron sobre algunos de los proyectos actuales, como el taller semanal y el monogr\u00e1fico \u201cC\u00f3mo escribir poes\u00eda\u201d, a cargo de la escritora Sylvie Riesco. Tambi\u00e9n compartieron algunos proyectos futuros, como la publicaci\u00f3n de un libro prevista para la primavera del pr\u00f3ximo a\u00f1o.<br>Adem\u00e1s, contaron c\u00f3mo se desarrollan las reuniones, en las que lo m\u00e1s importante es divertirse escribiendo relatos y compartiendo historias, mientras intentamos, al mismo tiempo, aprender un poco m\u00e1s en cada encuentro.<br>Nos reunimos los martes, de 12 a 13:30 h. en el Centro Cultural Margarita Nelken,<br>Puedes contactar con nosotros a trav\u00e9s del correo electr\u00f3nico asociacionescriturafenix@gmail.com Tambi\u00e9n estamos en Instagram @asociacionescriturafenix<\/p>\n\n\n\n<iframe src=\"https:\/\/www.ivoox.com\/player_ej_148529137_6_1.html?c1=a34955\" width=\"100%\" height=\"200\" frameborder=\"0\" allowfullscreen=\"\" scrolling=\"no\" loading=\"lazy\"><\/iframe>\n\n\n\n<figure class=\"wp-block-embed is-type-video is-provider-youtube wp-block-embed-youtube wp-embed-aspect-16-9 wp-has-aspect-ratio\"><div class=\"wp-block-embed__wrapper\">\n<iframe loading=\"lazy\" title=\"RENACER CON LA ESCRITURA. Presentaci\u00f3n de programa.\" width=\"750\" height=\"422\" src=\"https:\/\/www.youtube.com\/embed\/Wp6aOsBURiw?feature=oembed\" frameborder=\"0\" allow=\"accelerometer; autoplay; clipboard-write; encrypted-media; gyroscope; picture-in-picture; web-share\" referrerpolicy=\"strict-origin-when-cross-origin\" allowfullscreen><\/iframe>\n<\/div><\/figure>\n","protected":false},"excerpt":{"rendered":"<p>El pasado 22 de mayo tuvimos el placer de presentar, en Radio Jabato, nuestra Asociaci\u00f3n de Escritura F\u00e9nix. A la cita acudieron algunos de nuestros miembros: Angelina, Brenda, Cati y [&hellip;]<\/p>\n","protected":false},"author":9,"featured_media":0,"comment_status":"open","ping_status":"open","sticky":false,"template":"","format":"standard","meta":{"footnotes":""},"categories":[2014],"tags":[2015],"class_list":["post-6192","post","type-post","status-publish","format-standard","hentry","category-renacer-con-la-escritura","tag-literatura-relatos-poesia-libros-lecturas"],"_links":{"self":[{"href":"https:\/\/radiojabato.es\/index.php?rest_route=\/wp\/v2\/posts\/6192","targetHints":{"allow":["GET"]}}],"collection":[{"href":"https:\/\/radiojabato.es\/index.php?rest_route=\/wp\/v2\/posts"}],"about":[{"href":"https:\/\/radiojabato.es\/index.php?rest_route=\/wp\/v2\/types\/post"}],"author":[{"embeddable":true,"href":"https:\/\/radiojabato.es\/index.php?rest_route=\/wp\/v2\/users\/9"}],"replies":[{"embeddable":true,"href":"https:\/\/radiojabato.es\/index.php?rest_route=%2Fwp%2Fv2%2Fcomments&post=6192"}],"version-history":[{"count":1,"href":"https:\/\/radiojabato.es\/index.php?rest_route=\/wp\/v2\/posts\/6192\/revisions"}],"predecessor-version":[{"id":6193,"href":"https:\/\/radiojabato.es\/index.php?rest_route=\/wp\/v2\/posts\/6192\/revisions\/6193"}],"wp:attachment":[{"href":"https:\/\/radiojabato.es\/index.php?rest_route=%2Fwp%2Fv2%2Fmedia&parent=6192"}],"wp:term":[{"taxonomy":"category","embeddable":true,"href":"https:\/\/radiojabato.es\/index.php?rest_route=%2Fwp%2Fv2%2Fcategories&post=6192"},{"taxonomy":"post_tag","embeddable":true,"href":"https:\/\/radiojabato.es\/index.php?rest_route=%2Fwp%2Fv2%2Ftags&post=6192"}],"curies":[{"name":"wp","href":"https:\/\/api.w.org\/{rel}","templated":true}]}}