{"id":6142,"date":"2025-06-02T07:44:40","date_gmt":"2025-06-02T07:44:40","guid":{"rendered":"https:\/\/radiojabato.es\/?p=6142"},"modified":"2025-06-02T07:44:40","modified_gmt":"2025-06-02T07:44:40","slug":"coslada-accesible-fundacion-cadete","status":"publish","type":"post","link":"https:\/\/radiojabato.es\/?p=6142","title":{"rendered":"COSLADA ACCESIBLE: \u00abFundaci\u00f3n Cadete.\u00bb"},"content":{"rendered":"\n<iframe src=\"https:\/\/www.ivoox.com\/player_ej_148980239_6_1.html?c1=f9ea0c\" width=\"100%\" height=\"200\" frameborder=\"0\" allowfullscreen=\"\" scrolling=\"no\" loading=\"lazy\"><\/iframe>\n\n\n\n<figure class=\"wp-block-embed is-type-video is-provider-youtube wp-block-embed-youtube wp-embed-aspect-16-9 wp-has-aspect-ratio\"><div class=\"wp-block-embed__wrapper\">\n<iframe loading=\"lazy\" title=\"COSLADA ACCESIBLE: &quot;Fundaci\u00f3n Cadete.&quot;\" width=\"750\" height=\"422\" src=\"https:\/\/www.youtube.com\/embed\/9maVSwXYfNE?feature=oembed\" frameborder=\"0\" allow=\"accelerometer; autoplay; clipboard-write; encrypted-media; gyroscope; picture-in-picture; web-share\" referrerpolicy=\"strict-origin-when-cross-origin\" allowfullscreen><\/iframe>\n<\/div><\/figure>\n\n\n\n<p>En este programa actualizamos informaci\u00f3n de la asociaci\u00f3n COSLADA ACCESIBLE con la presentaci\u00f3n de la silla jolette en el centro asociativo en CERRO el d\u00eda 13 de mayo, damos la bienvenida a la Federaci\u00f3n de asociaciones de personas con discapacidad de Madrid, FAMMA-COCEMFE y repasamos las jornadas de concienciaci\u00f3n en colegios p\u00fablicos de Coslada en colaboraci\u00f3n con la Concejal\u00eda de Educaci\u00f3n y otros centros educativos que han contactado con nosotros de municipios aleda\u00f1os. Entrevistamos a David Roncero, miembro de Ludoteca Maldita que colaboran con la Fundaci\u00f3n Cadete. Esta \u00faltima es una entidad que apoya y promueve la inserci\u00f3n de ni\u00f1os y j\u00f3venes adolescentes con discapacidad por medio de becas, rehabilitaci\u00f3n y pr\u00f3tesis.<\/p>\n\n\n\n<figure class=\"wp-block-gallery has-nested-images columns-default is-cropped wp-block-gallery-1 is-layout-flex wp-block-gallery-is-layout-flex\">\n<figure class=\"wp-block-image size-large\"><img loading=\"lazy\" decoding=\"async\" width=\"369\" height=\"419\" data-id=\"6143\" src=\"https:\/\/radiojabato.es\/wp-content\/uploads\/2025\/06\/photo_2025-06-02_08-51-51.jpg\" alt=\"\" class=\"wp-image-6143\" srcset=\"https:\/\/radiojabato.es\/wp-content\/uploads\/2025\/06\/photo_2025-06-02_08-51-51.jpg 369w, https:\/\/radiojabato.es\/wp-content\/uploads\/2025\/06\/photo_2025-06-02_08-51-51-264x300.jpg 264w\" sizes=\"auto, (max-width: 369px) 100vw, 369px\" \/><\/figure>\n\n\n\n<figure class=\"wp-block-image size-large\"><img loading=\"lazy\" decoding=\"async\" width=\"240\" height=\"300\" data-id=\"6144\" src=\"https:\/\/radiojabato.es\/wp-content\/uploads\/2025\/06\/photo_2025-06-02_08-52-04.jpg\" alt=\"\" class=\"wp-image-6144\"\/><\/figure>\n<\/figure>\n","protected":false},"excerpt":{"rendered":"<p>En este programa actualizamos informaci\u00f3n de la asociaci\u00f3n COSLADA ACCESIBLE con la presentaci\u00f3n de la silla jolette en el centro asociativo en CERRO el d\u00eda 13 de mayo, damos la [&hellip;]<\/p>\n","protected":false},"author":2,"featured_media":0,"comment_status":"open","ping_status":"open","sticky":false,"template":"","format":"standard","meta":{"footnotes":""},"categories":[337],"tags":[493,332,48],"class_list":["post-6142","post","type-post","status-publish","format-standard","hentry","category-coslada-accesible","tag-coslada-accesible","tag-discapacidad","tag-radio-jabato"],"_links":{"self":[{"href":"https:\/\/radiojabato.es\/index.php?rest_route=\/wp\/v2\/posts\/6142","targetHints":{"allow":["GET"]}}],"collection":[{"href":"https:\/\/radiojabato.es\/index.php?rest_route=\/wp\/v2\/posts"}],"about":[{"href":"https:\/\/radiojabato.es\/index.php?rest_route=\/wp\/v2\/types\/post"}],"author":[{"embeddable":true,"href":"https:\/\/radiojabato.es\/index.php?rest_route=\/wp\/v2\/users\/2"}],"replies":[{"embeddable":true,"href":"https:\/\/radiojabato.es\/index.php?rest_route=%2Fwp%2Fv2%2Fcomments&post=6142"}],"version-history":[{"count":1,"href":"https:\/\/radiojabato.es\/index.php?rest_route=\/wp\/v2\/posts\/6142\/revisions"}],"predecessor-version":[{"id":6145,"href":"https:\/\/radiojabato.es\/index.php?rest_route=\/wp\/v2\/posts\/6142\/revisions\/6145"}],"wp:attachment":[{"href":"https:\/\/radiojabato.es\/index.php?rest_route=%2Fwp%2Fv2%2Fmedia&parent=6142"}],"wp:term":[{"taxonomy":"category","embeddable":true,"href":"https:\/\/radiojabato.es\/index.php?rest_route=%2Fwp%2Fv2%2Fcategories&post=6142"},{"taxonomy":"post_tag","embeddable":true,"href":"https:\/\/radiojabato.es\/index.php?rest_route=%2Fwp%2Fv2%2Ftags&post=6142"}],"curies":[{"name":"wp","href":"https:\/\/api.w.org\/{rel}","templated":true}]}}