{"id":6076,"date":"2025-05-16T09:26:04","date_gmt":"2025-05-16T09:26:04","guid":{"rendered":"https:\/\/radiojabato.es\/?p=6076"},"modified":"2025-05-16T09:26:04","modified_gmt":"2025-05-16T09:26:04","slug":"radio-asamec-diego-figuera-desgranando-la-salud-mental-con-calidez-humana","status":"publish","type":"post","link":"https:\/\/radiojabato.es\/?p=6076","title":{"rendered":"RADIO ASAMEC: \u00abDiego Figuera, Desgranando La Salud Mental Con Calidez Humana.\u00bb"},"content":{"rendered":"\n<iframe src=\"https:\/\/www.ivoox.com\/player_ej_146801534_6_1.html?c1=cfda7e\" width=\"100%\" height=\"200\" frameborder=\"0\" allowfullscreen=\"\" scrolling=\"no\" loading=\"lazy\"><\/iframe>\n\n\n\n<figure class=\"wp-block-embed is-type-video is-provider-youtube wp-block-embed-youtube wp-embed-aspect-16-9 wp-has-aspect-ratio\"><div class=\"wp-block-embed__wrapper\">\n<iframe loading=\"lazy\" title=\"RADIO ASAMEC: &quot;Diego Figuera, Desgranando La Salud Mental Con Calidez Humana.&quot;\" width=\"750\" height=\"422\" src=\"https:\/\/www.youtube.com\/embed\/vc98H3aXhic?feature=oembed\" frameborder=\"0\" allow=\"accelerometer; autoplay; clipboard-write; encrypted-media; gyroscope; picture-in-picture; web-share\" referrerpolicy=\"strict-origin-when-cross-origin\" allowfullscreen><\/iframe>\n<\/div><\/figure>\n\n\n\n<p>Entrevista a Diego Figuera, una figura destacada en el \u00e1mbito de la salud mental, Psic\u00f3logo que lider\u00f3 el Hospital de D\u00eda Ponzano y el Instituto de Psiquiatr\u00eda y Salud Mental del Hospital Cl\u00ednico San Carlos de Madrid.<br>Con su alta especializaci\u00f3n aborda con sensibilidad y rigor los trastornos mentales graves, con un foco especial en los primeros episodios psic\u00f3ticos y los trastornos de la personalidad, ofreciendo esperanza y herramientas de recuperaci\u00f3n a pacientes y sus seres queridos.<br>Reflexiones sobre su paso por la pol\u00edtica como ex diputado de la Asamblea de Madrid por M\u00e1s Madrid. Con franqueza, nos explic\u00f3 los motivos que lo llevaron a dejar la pol\u00edtica, dejando una reflexi\u00f3n sobre las din\u00e1micas del debate p\u00fablico actual.<br>Una visi\u00f3n valiosa y humana de la salud mental, record\u00e1ndonos la importancia de la empat\u00eda, el apoyo familiar y una escucha activa en el camino hacia la recuperaci\u00f3n.<\/p>\n\n\n\n<figure class=\"wp-block-gallery has-nested-images columns-default is-cropped wp-block-gallery-1 is-layout-flex wp-block-gallery-is-layout-flex\">\n<figure class=\"wp-block-image size-large\"><img loading=\"lazy\" decoding=\"async\" width=\"1024\" height=\"954\" data-id=\"6077\" src=\"https:\/\/radiojabato.es\/wp-content\/uploads\/2025\/05\/photo_2025-05-16_08-48-23-1024x954.jpg\" alt=\"\" class=\"wp-image-6077\" srcset=\"https:\/\/radiojabato.es\/wp-content\/uploads\/2025\/05\/photo_2025-05-16_08-48-23-1024x954.jpg 1024w, https:\/\/radiojabato.es\/wp-content\/uploads\/2025\/05\/photo_2025-05-16_08-48-23-300x280.jpg 300w, https:\/\/radiojabato.es\/wp-content\/uploads\/2025\/05\/photo_2025-05-16_08-48-23-768x716.jpg 768w, https:\/\/radiojabato.es\/wp-content\/uploads\/2025\/05\/photo_2025-05-16_08-48-23.jpg 1280w\" sizes=\"auto, (max-width: 1024px) 100vw, 1024px\" \/><\/figure>\n\n\n\n<figure class=\"wp-block-image size-large\"><img loading=\"lazy\" decoding=\"async\" width=\"673\" height=\"1024\" data-id=\"6078\" src=\"https:\/\/radiojabato.es\/wp-content\/uploads\/2025\/05\/photo_2025-05-16_08-48-28-673x1024.jpg\" alt=\"\" class=\"wp-image-6078\" srcset=\"https:\/\/radiojabato.es\/wp-content\/uploads\/2025\/05\/photo_2025-05-16_08-48-28-673x1024.jpg 673w, https:\/\/radiojabato.es\/wp-content\/uploads\/2025\/05\/photo_2025-05-16_08-48-28-197x300.jpg 197w, https:\/\/radiojabato.es\/wp-content\/uploads\/2025\/05\/photo_2025-05-16_08-48-28-768x1169.jpg 768w, https:\/\/radiojabato.es\/wp-content\/uploads\/2025\/05\/photo_2025-05-16_08-48-28.jpg 841w\" sizes=\"auto, (max-width: 673px) 100vw, 673px\" \/><\/figure>\n\n\n\n<figure class=\"wp-block-image size-large\"><img loading=\"lazy\" decoding=\"async\" width=\"1024\" height=\"768\" data-id=\"6080\" src=\"https:\/\/radiojabato.es\/wp-content\/uploads\/2025\/05\/photo_2025-05-16_08-48-38-1024x768.jpg\" alt=\"\" class=\"wp-image-6080\" srcset=\"https:\/\/radiojabato.es\/wp-content\/uploads\/2025\/05\/photo_2025-05-16_08-48-38-1024x768.jpg 1024w, https:\/\/radiojabato.es\/wp-content\/uploads\/2025\/05\/photo_2025-05-16_08-48-38-300x225.jpg 300w, https:\/\/radiojabato.es\/wp-content\/uploads\/2025\/05\/photo_2025-05-16_08-48-38-768x576.jpg 768w, https:\/\/radiojabato.es\/wp-content\/uploads\/2025\/05\/photo_2025-05-16_08-48-38.jpg 1280w\" sizes=\"auto, (max-width: 1024px) 100vw, 1024px\" \/><\/figure>\n<\/figure>\n\n\n\n<figure class=\"wp-block-image size-large\"><img loading=\"lazy\" decoding=\"async\" width=\"1024\" height=\"637\" src=\"https:\/\/radiojabato.es\/wp-content\/uploads\/2025\/05\/photo_2025-05-16_08-48-32-1-1024x637.jpg\" alt=\"\" class=\"wp-image-6081\" srcset=\"https:\/\/radiojabato.es\/wp-content\/uploads\/2025\/05\/photo_2025-05-16_08-48-32-1-1024x637.jpg 1024w, https:\/\/radiojabato.es\/wp-content\/uploads\/2025\/05\/photo_2025-05-16_08-48-32-1-300x187.jpg 300w, https:\/\/radiojabato.es\/wp-content\/uploads\/2025\/05\/photo_2025-05-16_08-48-32-1-768x478.jpg 768w, https:\/\/radiojabato.es\/wp-content\/uploads\/2025\/05\/photo_2025-05-16_08-48-32-1.jpg 1280w\" sizes=\"auto, (max-width: 1024px) 100vw, 1024px\" \/><\/figure>\n\n\n\n<figure class=\"wp-block-gallery has-nested-images columns-default is-cropped wp-block-gallery-2 is-layout-flex wp-block-gallery-is-layout-flex\">\n<figure class=\"wp-block-image size-large\"><img loading=\"lazy\" decoding=\"async\" width=\"1024\" height=\"682\" data-id=\"6083\" src=\"https:\/\/radiojabato.es\/wp-content\/uploads\/2025\/05\/logo-rojo-2-1024x682.jpg\" alt=\"\" class=\"wp-image-6083\" srcset=\"https:\/\/radiojabato.es\/wp-content\/uploads\/2025\/05\/logo-rojo-2-1024x682.jpg 1024w, https:\/\/radiojabato.es\/wp-content\/uploads\/2025\/05\/logo-rojo-2-300x200.jpg 300w, https:\/\/radiojabato.es\/wp-content\/uploads\/2025\/05\/logo-rojo-2-768x512.jpg 768w, https:\/\/radiojabato.es\/wp-content\/uploads\/2025\/05\/logo-rojo-2.jpg 1280w\" sizes=\"auto, (max-width: 1024px) 100vw, 1024px\" \/><\/figure>\n\n\n\n<figure class=\"wp-block-image size-large\"><img loading=\"lazy\" decoding=\"async\" width=\"819\" height=\"1024\" data-id=\"6082\" src=\"https:\/\/radiojabato.es\/wp-content\/uploads\/2025\/05\/photo_2024-03-04_14-18-16-819x1024.jpg\" alt=\"\" class=\"wp-image-6082\" srcset=\"https:\/\/radiojabato.es\/wp-content\/uploads\/2025\/05\/photo_2024-03-04_14-18-16-819x1024.jpg 819w, https:\/\/radiojabato.es\/wp-content\/uploads\/2025\/05\/photo_2024-03-04_14-18-16-240x300.jpg 240w, https:\/\/radiojabato.es\/wp-content\/uploads\/2025\/05\/photo_2024-03-04_14-18-16-768x960.jpg 768w, https:\/\/radiojabato.es\/wp-content\/uploads\/2025\/05\/photo_2024-03-04_14-18-16.jpg 1024w\" sizes=\"auto, (max-width: 819px) 100vw, 819px\" \/><\/figure>\n<\/figure>\n","protected":false},"excerpt":{"rendered":"<p>Entrevista a Diego Figuera, una figura destacada en el \u00e1mbito de la salud mental, Psic\u00f3logo que lider\u00f3 el Hospital de D\u00eda Ponzano y el Instituto de Psiquiatr\u00eda y Salud Mental [&hellip;]<\/p>\n","protected":false},"author":2,"featured_media":0,"comment_status":"open","ping_status":"open","sticky":false,"template":"","format":"standard","meta":{"footnotes":""},"categories":[987],"tags":[506,1967,1966,1062,209,309,48,305],"class_list":["post-6076","post","type-post","status-publish","format-standard","hentry","category-asamec-asociacion-de-salud-mental-del-corredor","tag-asamec","tag-asociacion-de-salud-mental-del-corredor","tag-diego-figuera","tag-enfermedad-mental-grave","tag-psicologia","tag-psiquiatria","tag-radio-jabato","tag-salud-mental"],"_links":{"self":[{"href":"https:\/\/radiojabato.es\/index.php?rest_route=\/wp\/v2\/posts\/6076","targetHints":{"allow":["GET"]}}],"collection":[{"href":"https:\/\/radiojabato.es\/index.php?rest_route=\/wp\/v2\/posts"}],"about":[{"href":"https:\/\/radiojabato.es\/index.php?rest_route=\/wp\/v2\/types\/post"}],"author":[{"embeddable":true,"href":"https:\/\/radiojabato.es\/index.php?rest_route=\/wp\/v2\/users\/2"}],"replies":[{"embeddable":true,"href":"https:\/\/radiojabato.es\/index.php?rest_route=%2Fwp%2Fv2%2Fcomments&post=6076"}],"version-history":[{"count":1,"href":"https:\/\/radiojabato.es\/index.php?rest_route=\/wp\/v2\/posts\/6076\/revisions"}],"predecessor-version":[{"id":6084,"href":"https:\/\/radiojabato.es\/index.php?rest_route=\/wp\/v2\/posts\/6076\/revisions\/6084"}],"wp:attachment":[{"href":"https:\/\/radiojabato.es\/index.php?rest_route=%2Fwp%2Fv2%2Fmedia&parent=6076"}],"wp:term":[{"taxonomy":"category","embeddable":true,"href":"https:\/\/radiojabato.es\/index.php?rest_route=%2Fwp%2Fv2%2Fcategories&post=6076"},{"taxonomy":"post_tag","embeddable":true,"href":"https:\/\/radiojabato.es\/index.php?rest_route=%2Fwp%2Fv2%2Ftags&post=6076"}],"curies":[{"name":"wp","href":"https:\/\/api.w.org\/{rel}","templated":true}]}}