{"id":6067,"date":"2025-05-15T19:56:06","date_gmt":"2025-05-15T19:56:06","guid":{"rendered":"https:\/\/radiojabato.es\/?p=6067"},"modified":"2025-05-30T16:58:23","modified_gmt":"2025-05-30T16:58:23","slug":"sin-palos-en-las-ruedas-historia-de-la-discapacidad","status":"publish","type":"post","link":"https:\/\/radiojabato.es\/?p=6067","title":{"rendered":"SIN PALOS EN LAS RUEDAS: \u00abHistoria De La Discapacidad.\u00bb"},"content":{"rendered":"\n<iframe src=\"https:\/\/www.ivoox.com\/player_ej_146779440_6_1.html?c1=c03944\" width=\"100%\" height=\"200\" frameborder=\"0\" allowfullscreen=\"\" scrolling=\"no\" loading=\"lazy\"><\/iframe>\n\n\n\n<figure class=\"wp-block-embed is-type-video is-provider-youtube wp-block-embed-youtube wp-embed-aspect-16-9 wp-has-aspect-ratio\"><div class=\"wp-block-embed__wrapper\">\n<iframe loading=\"lazy\" title=\"SIN PALOS EN LAS RUEDAS: &quot;Historia De La Discapacidad.&quot;\" width=\"750\" height=\"422\" src=\"https:\/\/www.youtube.com\/embed\/Nyz4T_XMi1E?feature=oembed\" frameborder=\"0\" allow=\"accelerometer; autoplay; clipboard-write; encrypted-media; gyroscope; picture-in-picture; web-share\" referrerpolicy=\"strict-origin-when-cross-origin\" allowfullscreen><\/iframe>\n<\/div><\/figure>\n\n\n\n<p>Repasamos la Historia de la Discapacidad con Emilia Martos, profesora titulada de las Universidad de Almer\u00eda, avances desde los \u00absubnormales\u00bb, pasando por \u00abInv\u00e1lidos\u00bb a \u00abDiscapacitados, donde a\u00fan hay que mejorar much\u00edsimo en educaci\u00f3n, cultura, accesibilidad, el respeto a la igualdad de oportunidades laborales, etc\u2026<br>Tocamos de nuevo el tema del transporte, esta vez con las VTC con Jos\u00e9 Manuel Berzal, Presidente Ejecutivo de AMAUTO VTC, donde el acceso a veh\u00edculos adaptados es residual, sin \u00e9tica y excluyente, con precios abusivos en el sector VTC de hasta el 60% m\u00e1s caros que el EUROTAXI.<br>Deporte inclusivo con el II Torneo de Golf Solidario celebrado en Segovia para la salud mental por la asociaci\u00f3n \u00abLa Barandilla\u00bb.<br>Finalizamos con Tony Melero y C\u00f3mo est\u00e1 el patio.<\/p>\n\n\n\n<figure class=\"wp-block-gallery has-nested-images columns-default is-cropped wp-block-gallery-1 is-layout-flex wp-block-gallery-is-layout-flex\">\n<figure class=\"wp-block-image size-large\"><img loading=\"lazy\" decoding=\"async\" width=\"1024\" height=\"776\" data-id=\"6068\" src=\"https:\/\/radiojabato.es\/wp-content\/uploads\/2025\/05\/logho-autonomia-personal-1-1024x776.jpg\" alt=\"\" class=\"wp-image-6068\" srcset=\"https:\/\/radiojabato.es\/wp-content\/uploads\/2025\/05\/logho-autonomia-personal-1-1024x776.jpg 1024w, https:\/\/radiojabato.es\/wp-content\/uploads\/2025\/05\/logho-autonomia-personal-1-300x227.jpg 300w, https:\/\/radiojabato.es\/wp-content\/uploads\/2025\/05\/logho-autonomia-personal-1-768x582.jpg 768w, https:\/\/radiojabato.es\/wp-content\/uploads\/2025\/05\/logho-autonomia-personal-1.jpg 1280w\" sizes=\"auto, (max-width: 1024px) 100vw, 1024px\" \/><\/figure>\n\n\n\n<figure class=\"wp-block-image size-large\"><img loading=\"lazy\" decoding=\"async\" width=\"1024\" height=\"682\" data-id=\"6069\" src=\"https:\/\/radiojabato.es\/wp-content\/uploads\/2025\/05\/logo-rojo-1-1024x682.jpg\" alt=\"\" class=\"wp-image-6069\" srcset=\"https:\/\/radiojabato.es\/wp-content\/uploads\/2025\/05\/logo-rojo-1-1024x682.jpg 1024w, https:\/\/radiojabato.es\/wp-content\/uploads\/2025\/05\/logo-rojo-1-300x200.jpg 300w, https:\/\/radiojabato.es\/wp-content\/uploads\/2025\/05\/logo-rojo-1-768x512.jpg 768w, https:\/\/radiojabato.es\/wp-content\/uploads\/2025\/05\/logo-rojo-1.jpg 1280w\" sizes=\"auto, (max-width: 1024px) 100vw, 1024px\" \/><\/figure>\n\n\n\n<figure class=\"wp-block-image size-large\"><img loading=\"lazy\" decoding=\"async\" width=\"1024\" height=\"1024\" data-id=\"6070\" src=\"https:\/\/radiojabato.es\/wp-content\/uploads\/2025\/05\/Logo-1-1024x1024.jpg\" alt=\"\" class=\"wp-image-6070\" srcset=\"https:\/\/radiojabato.es\/wp-content\/uploads\/2025\/05\/Logo-1-1024x1024.jpg 1024w, https:\/\/radiojabato.es\/wp-content\/uploads\/2025\/05\/Logo-1-300x300.jpg 300w, https:\/\/radiojabato.es\/wp-content\/uploads\/2025\/05\/Logo-1-150x150.jpg 150w, https:\/\/radiojabato.es\/wp-content\/uploads\/2025\/05\/Logo-1-768x768.jpg 768w, https:\/\/radiojabato.es\/wp-content\/uploads\/2025\/05\/Logo-1-410x410.jpg 410w, https:\/\/radiojabato.es\/wp-content\/uploads\/2025\/05\/Logo-1.jpg 1080w\" sizes=\"auto, (max-width: 1024px) 100vw, 1024px\" \/><\/figure>\n<\/figure>\n\n\n\n<figure class=\"wp-block-image size-full is-resized\"><img loading=\"lazy\" decoding=\"async\" width=\"414\" height=\"122\" src=\"https:\/\/radiojabato.es\/wp-content\/uploads\/2025\/05\/logo-famma-1.png\" alt=\"\" class=\"wp-image-6071\" style=\"width:257px;height:auto\" srcset=\"https:\/\/radiojabato.es\/wp-content\/uploads\/2025\/05\/logo-famma-1.png 414w, https:\/\/radiojabato.es\/wp-content\/uploads\/2025\/05\/logo-famma-1-300x88.png 300w, https:\/\/radiojabato.es\/wp-content\/uploads\/2025\/05\/logo-famma-1-410x122.png 410w\" sizes=\"auto, (max-width: 414px) 100vw, 414px\" \/><\/figure>\n\n\n\n<figure class=\"wp-block-gallery has-nested-images columns-default is-cropped wp-block-gallery-2 is-layout-flex wp-block-gallery-is-layout-flex\">\n<figure class=\"wp-block-image size-large\"><img loading=\"lazy\" decoding=\"async\" width=\"1024\" height=\"768\" data-id=\"6072\" src=\"https:\/\/radiojabato.es\/wp-content\/uploads\/2025\/05\/Jose-Manuel-Berzal-1024x768.jpg\" alt=\"\" class=\"wp-image-6072\" srcset=\"https:\/\/radiojabato.es\/wp-content\/uploads\/2025\/05\/Jose-Manuel-Berzal-1024x768.jpg 1024w, https:\/\/radiojabato.es\/wp-content\/uploads\/2025\/05\/Jose-Manuel-Berzal-300x225.jpg 300w, https:\/\/radiojabato.es\/wp-content\/uploads\/2025\/05\/Jose-Manuel-Berzal-768x576.jpg 768w, https:\/\/radiojabato.es\/wp-content\/uploads\/2025\/05\/Jose-Manuel-Berzal.jpg 1280w\" sizes=\"auto, (max-width: 1024px) 100vw, 1024px\" \/><\/figure>\n\n\n\n<figure class=\"wp-block-image size-large\"><img loading=\"lazy\" decoding=\"async\" width=\"1024\" height=\"768\" data-id=\"6073\" src=\"https:\/\/radiojabato.es\/wp-content\/uploads\/2025\/05\/photo_2025-05-15_19-13-54-1024x768.jpg\" alt=\"\" class=\"wp-image-6073\" srcset=\"https:\/\/radiojabato.es\/wp-content\/uploads\/2025\/05\/photo_2025-05-15_19-13-54-1024x768.jpg 1024w, https:\/\/radiojabato.es\/wp-content\/uploads\/2025\/05\/photo_2025-05-15_19-13-54-300x225.jpg 300w, https:\/\/radiojabato.es\/wp-content\/uploads\/2025\/05\/photo_2025-05-15_19-13-54-768x576.jpg 768w, https:\/\/radiojabato.es\/wp-content\/uploads\/2025\/05\/photo_2025-05-15_19-13-54.jpg 1280w\" sizes=\"auto, (max-width: 1024px) 100vw, 1024px\" \/><\/figure>\n<\/figure>\n","protected":false},"excerpt":{"rendered":"<p>Repasamos la Historia de la Discapacidad con Emilia Martos, profesora titulada de las Universidad de Almer\u00eda, avances desde los \u00absubnormales\u00bb, pasando por \u00abInv\u00e1lidos\u00bb a \u00abDiscapacitados, donde a\u00fan hay que mejorar [&hellip;]<\/p>\n","protected":false},"author":2,"featured_media":0,"comment_status":"open","ping_status":"open","sticky":false,"template":"","format":"standard","meta":{"footnotes":""},"categories":[1625],"tags":[1965,332,1963,1821,700,1630,48],"class_list":["post-6067","post","type-post","status-publish","format-standard","hentry","category-sin-palos-en-las-ruedas","tag-amauto","tag-discapacidad","tag-emilia-marcos","tag-eurotaxi","tag-famma-cocemfe","tag-fundacion-360-para-la-autonomia-personal","tag-radio-jabato"],"_links":{"self":[{"href":"https:\/\/radiojabato.es\/index.php?rest_route=\/wp\/v2\/posts\/6067","targetHints":{"allow":["GET"]}}],"collection":[{"href":"https:\/\/radiojabato.es\/index.php?rest_route=\/wp\/v2\/posts"}],"about":[{"href":"https:\/\/radiojabato.es\/index.php?rest_route=\/wp\/v2\/types\/post"}],"author":[{"embeddable":true,"href":"https:\/\/radiojabato.es\/index.php?rest_route=\/wp\/v2\/users\/2"}],"replies":[{"embeddable":true,"href":"https:\/\/radiojabato.es\/index.php?rest_route=%2Fwp%2Fv2%2Fcomments&post=6067"}],"version-history":[{"count":2,"href":"https:\/\/radiojabato.es\/index.php?rest_route=\/wp\/v2\/posts\/6067\/revisions"}],"predecessor-version":[{"id":6140,"href":"https:\/\/radiojabato.es\/index.php?rest_route=\/wp\/v2\/posts\/6067\/revisions\/6140"}],"wp:attachment":[{"href":"https:\/\/radiojabato.es\/index.php?rest_route=%2Fwp%2Fv2%2Fmedia&parent=6067"}],"wp:term":[{"taxonomy":"category","embeddable":true,"href":"https:\/\/radiojabato.es\/index.php?rest_route=%2Fwp%2Fv2%2Fcategories&post=6067"},{"taxonomy":"post_tag","embeddable":true,"href":"https:\/\/radiojabato.es\/index.php?rest_route=%2Fwp%2Fv2%2Ftags&post=6067"}],"curies":[{"name":"wp","href":"https:\/\/api.w.org\/{rel}","templated":true}]}}