{"id":6040,"date":"2025-05-08T20:36:01","date_gmt":"2025-05-08T20:36:01","guid":{"rendered":"https:\/\/radiojabato.es\/?p=6040"},"modified":"2025-05-08T20:36:01","modified_gmt":"2025-05-08T20:36:01","slug":"sin-palos-en-las-ruedas-especial-evacuacion-y-miedo","status":"publish","type":"post","link":"https:\/\/radiojabato.es\/?p=6040","title":{"rendered":"SIN PALOS EN LAS RUEDAS: \u00abEspecial Evacuaci\u00f3n y Miedo.\u00bb"},"content":{"rendered":"\n<iframe src=\"https:\/\/www.ivoox.com\/player_ej_146379292_6_1.html?c1=c03944\" width=\"100%\" height=\"200\" frameborder=\"0\" allowfullscreen=\"\" scrolling=\"no\" loading=\"lazy\"><\/iframe>\n\n\n\n<figure class=\"wp-block-embed is-type-video is-provider-youtube wp-block-embed-youtube wp-embed-aspect-16-9 wp-has-aspect-ratio\"><div class=\"wp-block-embed__wrapper\">\n<iframe loading=\"lazy\" title=\"SIN PALOS EN LAS RUEDAS: &quot;Especial Evacuaci\u00f3n y Miedo.&quot;\" width=\"750\" height=\"422\" src=\"https:\/\/www.youtube.com\/embed\/bLu0xno-I_o?feature=oembed\" frameborder=\"0\" allow=\"accelerometer; autoplay; clipboard-write; encrypted-media; gyroscope; picture-in-picture; web-share\" referrerpolicy=\"strict-origin-when-cross-origin\" allowfullscreen><\/iframe>\n<\/div><\/figure>\n\n\n\n<p>Hablamos con un experto, Carlos De Lama Burgos, de la situaci\u00f3n de las personas con movilidad reducida a la hora de ser evacuadas ante cat\u00e1strofes como incendios o accidentes. La inexistencia de planes de evacuaci\u00f3n m\u00e1s all\u00e1 de lo obligatorio de la \u00abLey de Prevenci\u00f3n de Riesgos Laborales\u00bb en edif\u00edcios P\u00fablicos, aviones, etc, donde ser\u00e1n los \u00faltimos en salir ya que \u00abestorban, \u00abestorbamos\u00bb, sin hablar de las inexistentes zonas de refugio, incumpliendo la norma y, si hablamos de los centros escolares, la indignaci\u00f3n es ya de grandes magnitudes.<br>Completamos el programa con la redifusi\u00f3n de las entrevistas a Carmen Jim\u00e9nez, campeona de Espa\u00f1a en Atletismo adaptado y su trabajo de concienciaci\u00f3n en maternidad y violencia de g\u00e9nero, Maite Carrasco con su libro \u00abC\u00f3mo Superar el Miedo en Todas Las Fronteras de la Vida.<br>Finalizamos con Noticias Divertidas, Cosas Curiosas Que Pasan, C\u00f3mo est\u00e1 el Patio y el Gabinete Jur\u00eddico.<\/p>\n\n\n\n<figure class=\"wp-block-gallery has-nested-images columns-default is-cropped wp-block-gallery-1 is-layout-flex wp-block-gallery-is-layout-flex\">\n<figure class=\"wp-block-image size-large\"><img loading=\"lazy\" decoding=\"async\" width=\"1024\" height=\"776\" data-id=\"6041\" src=\"https:\/\/radiojabato.es\/wp-content\/uploads\/2025\/05\/logho-autonomia-personal-1024x776.jpg\" alt=\"\" class=\"wp-image-6041\" srcset=\"https:\/\/radiojabato.es\/wp-content\/uploads\/2025\/05\/logho-autonomia-personal-1024x776.jpg 1024w, https:\/\/radiojabato.es\/wp-content\/uploads\/2025\/05\/logho-autonomia-personal-300x227.jpg 300w, https:\/\/radiojabato.es\/wp-content\/uploads\/2025\/05\/logho-autonomia-personal-768x582.jpg 768w, https:\/\/radiojabato.es\/wp-content\/uploads\/2025\/05\/logho-autonomia-personal.jpg 1280w\" sizes=\"auto, (max-width: 1024px) 100vw, 1024px\" \/><\/figure>\n\n\n\n<figure class=\"wp-block-image size-large\"><img loading=\"lazy\" decoding=\"async\" width=\"1024\" height=\"682\" data-id=\"6042\" src=\"https:\/\/radiojabato.es\/wp-content\/uploads\/2025\/05\/logo-rojo-1024x682.jpg\" alt=\"\" class=\"wp-image-6042\" srcset=\"https:\/\/radiojabato.es\/wp-content\/uploads\/2025\/05\/logo-rojo-1024x682.jpg 1024w, https:\/\/radiojabato.es\/wp-content\/uploads\/2025\/05\/logo-rojo-300x200.jpg 300w, https:\/\/radiojabato.es\/wp-content\/uploads\/2025\/05\/logo-rojo-768x512.jpg 768w, https:\/\/radiojabato.es\/wp-content\/uploads\/2025\/05\/logo-rojo.jpg 1280w\" sizes=\"auto, (max-width: 1024px) 100vw, 1024px\" \/><\/figure>\n\n\n\n<figure class=\"wp-block-image size-large\"><img loading=\"lazy\" decoding=\"async\" width=\"1024\" height=\"1024\" data-id=\"6043\" src=\"https:\/\/radiojabato.es\/wp-content\/uploads\/2025\/05\/Logo-1024x1024.jpg\" alt=\"\" class=\"wp-image-6043\" srcset=\"https:\/\/radiojabato.es\/wp-content\/uploads\/2025\/05\/Logo-1024x1024.jpg 1024w, https:\/\/radiojabato.es\/wp-content\/uploads\/2025\/05\/Logo-300x300.jpg 300w, https:\/\/radiojabato.es\/wp-content\/uploads\/2025\/05\/Logo-150x150.jpg 150w, https:\/\/radiojabato.es\/wp-content\/uploads\/2025\/05\/Logo-768x768.jpg 768w, https:\/\/radiojabato.es\/wp-content\/uploads\/2025\/05\/Logo-410x410.jpg 410w, https:\/\/radiojabato.es\/wp-content\/uploads\/2025\/05\/Logo.jpg 1080w\" sizes=\"auto, (max-width: 1024px) 100vw, 1024px\" \/><\/figure>\n<\/figure>\n\n\n\n<figure class=\"wp-block-image size-full is-resized\"><img loading=\"lazy\" decoding=\"async\" width=\"414\" height=\"122\" src=\"https:\/\/radiojabato.es\/wp-content\/uploads\/2025\/05\/logo-famma.png\" alt=\"\" class=\"wp-image-6044\" style=\"width:256px;height:auto\" srcset=\"https:\/\/radiojabato.es\/wp-content\/uploads\/2025\/05\/logo-famma.png 414w, https:\/\/radiojabato.es\/wp-content\/uploads\/2025\/05\/logo-famma-300x88.png 300w, https:\/\/radiojabato.es\/wp-content\/uploads\/2025\/05\/logo-famma-410x122.png 410w\" sizes=\"auto, (max-width: 414px) 100vw, 414px\" \/><\/figure>\n\n\n\n<figure class=\"wp-block-gallery has-nested-images columns-default is-cropped wp-block-gallery-2 is-layout-flex wp-block-gallery-is-layout-flex\">\n<figure class=\"wp-block-image size-large\"><img loading=\"lazy\" decoding=\"async\" width=\"1024\" height=\"768\" data-id=\"6047\" src=\"https:\/\/radiojabato.es\/wp-content\/uploads\/2025\/05\/photo_2025-05-08_20-22-21-1024x768.jpg\" alt=\"\" class=\"wp-image-6047\" srcset=\"https:\/\/radiojabato.es\/wp-content\/uploads\/2025\/05\/photo_2025-05-08_20-22-21-1024x768.jpg 1024w, https:\/\/radiojabato.es\/wp-content\/uploads\/2025\/05\/photo_2025-05-08_20-22-21-300x225.jpg 300w, https:\/\/radiojabato.es\/wp-content\/uploads\/2025\/05\/photo_2025-05-08_20-22-21-768x576.jpg 768w, https:\/\/radiojabato.es\/wp-content\/uploads\/2025\/05\/photo_2025-05-08_20-22-21.jpg 1280w\" sizes=\"auto, (max-width: 1024px) 100vw, 1024px\" \/><\/figure>\n\n\n\n<figure class=\"wp-block-image size-large\"><img loading=\"lazy\" decoding=\"async\" width=\"1024\" height=\"768\" data-id=\"6046\" src=\"https:\/\/radiojabato.es\/wp-content\/uploads\/2025\/05\/photo_2025-05-08_20-22-37-1024x768.jpg\" alt=\"\" class=\"wp-image-6046\" srcset=\"https:\/\/radiojabato.es\/wp-content\/uploads\/2025\/05\/photo_2025-05-08_20-22-37-1024x768.jpg 1024w, https:\/\/radiojabato.es\/wp-content\/uploads\/2025\/05\/photo_2025-05-08_20-22-37-300x225.jpg 300w, https:\/\/radiojabato.es\/wp-content\/uploads\/2025\/05\/photo_2025-05-08_20-22-37-768x576.jpg 768w, https:\/\/radiojabato.es\/wp-content\/uploads\/2025\/05\/photo_2025-05-08_20-22-37.jpg 1280w\" sizes=\"auto, (max-width: 1024px) 100vw, 1024px\" \/><\/figure>\n\n\n\n<figure class=\"wp-block-image size-large\"><img loading=\"lazy\" decoding=\"async\" width=\"1024\" height=\"768\" data-id=\"6045\" src=\"https:\/\/radiojabato.es\/wp-content\/uploads\/2025\/05\/photo_2025-05-08_20-22-41-1024x768.jpg\" alt=\"\" class=\"wp-image-6045\" srcset=\"https:\/\/radiojabato.es\/wp-content\/uploads\/2025\/05\/photo_2025-05-08_20-22-41-1024x768.jpg 1024w, https:\/\/radiojabato.es\/wp-content\/uploads\/2025\/05\/photo_2025-05-08_20-22-41-300x225.jpg 300w, https:\/\/radiojabato.es\/wp-content\/uploads\/2025\/05\/photo_2025-05-08_20-22-41-768x576.jpg 768w, https:\/\/radiojabato.es\/wp-content\/uploads\/2025\/05\/photo_2025-05-08_20-22-41.jpg 1280w\" sizes=\"auto, (max-width: 1024px) 100vw, 1024px\" \/><\/figure>\n<\/figure>\n\n\n\n<figure class=\"wp-block-image size-large is-resized\"><img loading=\"lazy\" decoding=\"async\" width=\"768\" height=\"1024\" src=\"https:\/\/radiojabato.es\/wp-content\/uploads\/2025\/05\/photo_2025-05-08_20-22-32-768x1024.jpg\" alt=\"\" class=\"wp-image-6048\" style=\"width:195px;height:auto\" srcset=\"https:\/\/radiojabato.es\/wp-content\/uploads\/2025\/05\/photo_2025-05-08_20-22-32-768x1024.jpg 768w, https:\/\/radiojabato.es\/wp-content\/uploads\/2025\/05\/photo_2025-05-08_20-22-32-225x300.jpg 225w, https:\/\/radiojabato.es\/wp-content\/uploads\/2025\/05\/photo_2025-05-08_20-22-32.jpg 960w\" sizes=\"auto, (max-width: 768px) 100vw, 768px\" \/><\/figure>\n","protected":false},"excerpt":{"rendered":"<p>Hablamos con un experto, Carlos De Lama Burgos, de la situaci\u00f3n de las personas con movilidad reducida a la hora de ser evacuadas ante cat\u00e1strofes como incendios o accidentes. La [&hellip;]<\/p>\n","protected":false},"author":2,"featured_media":0,"comment_status":"open","ping_status":"open","sticky":false,"template":"","format":"standard","meta":{"footnotes":""},"categories":[1625],"tags":[1958,1677,1776,700,1630,48],"class_list":["post-6040","post","type-post","status-publish","format-standard","hentry","category-sin-palos-en-las-ruedas","tag-carlos-de-lama-burgos","tag-carmen-jimenez","tag-evacuacion","tag-famma-cocemfe","tag-fundacion-360-para-la-autonomia-personal","tag-radio-jabato"],"_links":{"self":[{"href":"https:\/\/radiojabato.es\/index.php?rest_route=\/wp\/v2\/posts\/6040","targetHints":{"allow":["GET"]}}],"collection":[{"href":"https:\/\/radiojabato.es\/index.php?rest_route=\/wp\/v2\/posts"}],"about":[{"href":"https:\/\/radiojabato.es\/index.php?rest_route=\/wp\/v2\/types\/post"}],"author":[{"embeddable":true,"href":"https:\/\/radiojabato.es\/index.php?rest_route=\/wp\/v2\/users\/2"}],"replies":[{"embeddable":true,"href":"https:\/\/radiojabato.es\/index.php?rest_route=%2Fwp%2Fv2%2Fcomments&post=6040"}],"version-history":[{"count":1,"href":"https:\/\/radiojabato.es\/index.php?rest_route=\/wp\/v2\/posts\/6040\/revisions"}],"predecessor-version":[{"id":6049,"href":"https:\/\/radiojabato.es\/index.php?rest_route=\/wp\/v2\/posts\/6040\/revisions\/6049"}],"wp:attachment":[{"href":"https:\/\/radiojabato.es\/index.php?rest_route=%2Fwp%2Fv2%2Fmedia&parent=6040"}],"wp:term":[{"taxonomy":"category","embeddable":true,"href":"https:\/\/radiojabato.es\/index.php?rest_route=%2Fwp%2Fv2%2Fcategories&post=6040"},{"taxonomy":"post_tag","embeddable":true,"href":"https:\/\/radiojabato.es\/index.php?rest_route=%2Fwp%2Fv2%2Ftags&post=6040"}],"curies":[{"name":"wp","href":"https:\/\/api.w.org\/{rel}","templated":true}]}}