{"id":5907,"date":"2025-04-03T20:49:59","date_gmt":"2025-04-03T20:49:59","guid":{"rendered":"https:\/\/radiojabato.es\/?p=5907"},"modified":"2025-04-03T20:49:59","modified_gmt":"2025-04-03T20:49:59","slug":"sin-palos-en-las-ruedas-trasplantes-y-bioetica-celulas-madre-compos-ela-humor-y-gabinete-juridico","status":"publish","type":"post","link":"https:\/\/radiojabato.es\/?p=5907","title":{"rendered":"SIN PALOS EN LAS RUEDAS: \u00abTrasplantes y Bio\u00e9tica, C\u00e9lulas Madre, Compos ELA, Humor y Gabinete Jur\u00eddico.\u00bb"},"content":{"rendered":"\n<iframe src=\"https:\/\/www.ivoox.com\/player_ej_144410358_6_1.html?c1=c03944\" width=\"100%\" height=\"200\" frameborder=\"0\" allowfullscreen=\"\" scrolling=\"no\" loading=\"lazy\"><\/iframe>\n\n\n\n<figure class=\"wp-block-embed is-type-video is-provider-youtube wp-block-embed-youtube wp-embed-aspect-16-9 wp-has-aspect-ratio\"><div class=\"wp-block-embed__wrapper\">\n<iframe loading=\"lazy\" title=\"SIN PALOS EN LAS RUEDAS: Trasplantes y Bio\u00e9tica, C\u00e9lulas Madre, ComposELA, Humor y Gabinete Jur\u00eddico\" width=\"750\" height=\"422\" src=\"https:\/\/www.youtube.com\/embed\/3VFU2lxO5Ks?feature=oembed\" frameborder=\"0\" allow=\"accelerometer; autoplay; clipboard-write; encrypted-media; gyroscope; picture-in-picture; web-share\" referrerpolicy=\"strict-origin-when-cross-origin\" allowfullscreen><\/iframe>\n<\/div><\/figure>\n\n\n\n<p>Hablamos de trasplantes, xenotrasplantes y la bio\u00e9tica de los mismos con Ricardo Mart\u00ednez, investigador jefe del Grupo de Investigaci\u00f3n Neuromuscular del CSIC, Jos\u00e9 Ram\u00f3n Amor Pan, Doctor en Teolog\u00eda Moral, especialista en Bio\u00e9tica de la Fundaci\u00f3n Pablo VI, B\u00e1rbara Vida Sostenible, Divulgadora y Albero D\u00edez, Portavoz de la Asociaci\u00f3n Nacional Para La Defensa De Los Animales (ANDA).<br>De C\u00e9lulas Madre con Luis Monteli\u00fa, Doctor en Biolog\u00eda, Licenciado por la Universidad de Barcelona, Investigador del CSIC y miembro del Comit\u00e9 de Direcci\u00f3n del Centro de Investigaci\u00f3n Biom\u00e9dica de Enfermedades Raras.<br>El Camino de Santiago con Raquel enferma de ELA y Mamen de ComposELA que realizaron el Camino de Santiago.<\/p>\n\n\n\n<p>Con Miriam Fern\u00e1ndez un poco de Humor y Gabinete Jur\u00eddico con Christian Herrera.<\/p>\n\n\n\n<figure class=\"wp-block-gallery has-nested-images columns-default is-cropped wp-block-gallery-1 is-layout-flex wp-block-gallery-is-layout-flex\">\n<figure class=\"wp-block-image size-large\"><img loading=\"lazy\" decoding=\"async\" width=\"1024\" height=\"776\" data-id=\"5909\" src=\"https:\/\/radiojabato.es\/wp-content\/uploads\/2025\/04\/logho-autonomia-personal-1024x776.jpg\" alt=\"\" class=\"wp-image-5909\" srcset=\"https:\/\/radiojabato.es\/wp-content\/uploads\/2025\/04\/logho-autonomia-personal-1024x776.jpg 1024w, https:\/\/radiojabato.es\/wp-content\/uploads\/2025\/04\/logho-autonomia-personal-300x227.jpg 300w, https:\/\/radiojabato.es\/wp-content\/uploads\/2025\/04\/logho-autonomia-personal-768x582.jpg 768w, https:\/\/radiojabato.es\/wp-content\/uploads\/2025\/04\/logho-autonomia-personal.jpg 1280w\" sizes=\"auto, (max-width: 1024px) 100vw, 1024px\" \/><\/figure>\n\n\n\n<figure class=\"wp-block-image size-large\"><img loading=\"lazy\" decoding=\"async\" width=\"1024\" height=\"682\" data-id=\"5908\" src=\"https:\/\/radiojabato.es\/wp-content\/uploads\/2025\/04\/logo-rojo-1024x682.jpg\" alt=\"\" class=\"wp-image-5908\" srcset=\"https:\/\/radiojabato.es\/wp-content\/uploads\/2025\/04\/logo-rojo-1024x682.jpg 1024w, https:\/\/radiojabato.es\/wp-content\/uploads\/2025\/04\/logo-rojo-300x200.jpg 300w, https:\/\/radiojabato.es\/wp-content\/uploads\/2025\/04\/logo-rojo-768x512.jpg 768w, https:\/\/radiojabato.es\/wp-content\/uploads\/2025\/04\/logo-rojo.jpg 1280w\" sizes=\"auto, (max-width: 1024px) 100vw, 1024px\" \/><\/figure>\n\n\n\n<figure class=\"wp-block-image size-large\"><img loading=\"lazy\" decoding=\"async\" width=\"1024\" height=\"1024\" data-id=\"5910\" src=\"https:\/\/radiojabato.es\/wp-content\/uploads\/2025\/04\/Logo-1024x1024.jpg\" alt=\"\" class=\"wp-image-5910\" srcset=\"https:\/\/radiojabato.es\/wp-content\/uploads\/2025\/04\/Logo-1024x1024.jpg 1024w, https:\/\/radiojabato.es\/wp-content\/uploads\/2025\/04\/Logo-300x300.jpg 300w, https:\/\/radiojabato.es\/wp-content\/uploads\/2025\/04\/Logo-150x150.jpg 150w, https:\/\/radiojabato.es\/wp-content\/uploads\/2025\/04\/Logo-768x768.jpg 768w, https:\/\/radiojabato.es\/wp-content\/uploads\/2025\/04\/Logo-410x410.jpg 410w, https:\/\/radiojabato.es\/wp-content\/uploads\/2025\/04\/Logo.jpg 1080w\" sizes=\"auto, (max-width: 1024px) 100vw, 1024px\" \/><\/figure>\n<\/figure>\n\n\n\n<figure class=\"wp-block-image size-full is-resized\"><img loading=\"lazy\" decoding=\"async\" width=\"414\" height=\"122\" src=\"https:\/\/radiojabato.es\/wp-content\/uploads\/2025\/04\/logo-famma.png\" alt=\"\" class=\"wp-image-5911\" style=\"width:251px;height:auto\" srcset=\"https:\/\/radiojabato.es\/wp-content\/uploads\/2025\/04\/logo-famma.png 414w, https:\/\/radiojabato.es\/wp-content\/uploads\/2025\/04\/logo-famma-300x88.png 300w, https:\/\/radiojabato.es\/wp-content\/uploads\/2025\/04\/logo-famma-410x122.png 410w\" sizes=\"auto, (max-width: 414px) 100vw, 414px\" \/><\/figure>\n\n\n\n<figure class=\"wp-block-gallery has-nested-images columns-default is-cropped wp-block-gallery-2 is-layout-flex wp-block-gallery-is-layout-flex\">\n<figure class=\"wp-block-image size-large\"><img loading=\"lazy\" decoding=\"async\" width=\"1024\" height=\"769\" data-id=\"5914\" src=\"https:\/\/radiojabato.es\/wp-content\/uploads\/2025\/04\/photo_2025-04-03_11-42-22-1024x769.jpg\" alt=\"\" class=\"wp-image-5914\" srcset=\"https:\/\/radiojabato.es\/wp-content\/uploads\/2025\/04\/photo_2025-04-03_11-42-22-1024x769.jpg 1024w, https:\/\/radiojabato.es\/wp-content\/uploads\/2025\/04\/photo_2025-04-03_11-42-22-300x225.jpg 300w, https:\/\/radiojabato.es\/wp-content\/uploads\/2025\/04\/photo_2025-04-03_11-42-22-768x577.jpg 768w, https:\/\/radiojabato.es\/wp-content\/uploads\/2025\/04\/photo_2025-04-03_11-42-22.jpg 1280w\" sizes=\"auto, (max-width: 1024px) 100vw, 1024px\" \/><\/figure>\n\n\n\n<figure class=\"wp-block-image size-large\"><img loading=\"lazy\" decoding=\"async\" width=\"768\" height=\"1024\" data-id=\"5913\" src=\"https:\/\/radiojabato.es\/wp-content\/uploads\/2025\/04\/photo_2025-04-03_11-46-36-768x1024.jpg\" alt=\"\" class=\"wp-image-5913\" srcset=\"https:\/\/radiojabato.es\/wp-content\/uploads\/2025\/04\/photo_2025-04-03_11-46-36-768x1024.jpg 768w, https:\/\/radiojabato.es\/wp-content\/uploads\/2025\/04\/photo_2025-04-03_11-46-36-225x300.jpg 225w, https:\/\/radiojabato.es\/wp-content\/uploads\/2025\/04\/photo_2025-04-03_11-46-36.jpg 960w\" sizes=\"auto, (max-width: 768px) 100vw, 768px\" \/><\/figure>\n\n\n\n<figure class=\"wp-block-image size-large\"><img loading=\"lazy\" decoding=\"async\" width=\"1024\" height=\"768\" data-id=\"5912\" src=\"https:\/\/radiojabato.es\/wp-content\/uploads\/2025\/04\/photo_2025-04-03_11-46-52-1024x768.jpg\" alt=\"\" class=\"wp-image-5912\" srcset=\"https:\/\/radiojabato.es\/wp-content\/uploads\/2025\/04\/photo_2025-04-03_11-46-52-1024x768.jpg 1024w, https:\/\/radiojabato.es\/wp-content\/uploads\/2025\/04\/photo_2025-04-03_11-46-52-300x225.jpg 300w, https:\/\/radiojabato.es\/wp-content\/uploads\/2025\/04\/photo_2025-04-03_11-46-52-768x576.jpg 768w, https:\/\/radiojabato.es\/wp-content\/uploads\/2025\/04\/photo_2025-04-03_11-46-52.jpg 1280w\" sizes=\"auto, (max-width: 1024px) 100vw, 1024px\" \/><\/figure>\n<\/figure>\n","protected":false},"excerpt":{"rendered":"<p>Hablamos de trasplantes, xenotrasplantes y la bio\u00e9tica de los mismos con Ricardo Mart\u00ednez, investigador jefe del Grupo de Investigaci\u00f3n Neuromuscular del CSIC, Jos\u00e9 Ram\u00f3n Amor Pan, Doctor en Teolog\u00eda Moral, [&hellip;]<\/p>\n","protected":false},"author":2,"featured_media":0,"comment_status":"open","ping_status":"open","sticky":false,"template":"","format":"standard","meta":{"footnotes":""},"categories":[1625],"tags":[1765,1640,332,1909,700,48],"class_list":["post-5907","post","type-post","status-publish","format-standard","hentry","category-sin-palos-en-las-ruedas","tag-bioetica","tag-compostela","tag-discapacidad","tag-ela","tag-famma-cocemfe","tag-radio-jabato"],"_links":{"self":[{"href":"https:\/\/radiojabato.es\/index.php?rest_route=\/wp\/v2\/posts\/5907","targetHints":{"allow":["GET"]}}],"collection":[{"href":"https:\/\/radiojabato.es\/index.php?rest_route=\/wp\/v2\/posts"}],"about":[{"href":"https:\/\/radiojabato.es\/index.php?rest_route=\/wp\/v2\/types\/post"}],"author":[{"embeddable":true,"href":"https:\/\/radiojabato.es\/index.php?rest_route=\/wp\/v2\/users\/2"}],"replies":[{"embeddable":true,"href":"https:\/\/radiojabato.es\/index.php?rest_route=%2Fwp%2Fv2%2Fcomments&post=5907"}],"version-history":[{"count":1,"href":"https:\/\/radiojabato.es\/index.php?rest_route=\/wp\/v2\/posts\/5907\/revisions"}],"predecessor-version":[{"id":5915,"href":"https:\/\/radiojabato.es\/index.php?rest_route=\/wp\/v2\/posts\/5907\/revisions\/5915"}],"wp:attachment":[{"href":"https:\/\/radiojabato.es\/index.php?rest_route=%2Fwp%2Fv2%2Fmedia&parent=5907"}],"wp:term":[{"taxonomy":"category","embeddable":true,"href":"https:\/\/radiojabato.es\/index.php?rest_route=%2Fwp%2Fv2%2Fcategories&post=5907"},{"taxonomy":"post_tag","embeddable":true,"href":"https:\/\/radiojabato.es\/index.php?rest_route=%2Fwp%2Fv2%2Ftags&post=5907"}],"curies":[{"name":"wp","href":"https:\/\/api.w.org\/{rel}","templated":true}]}}