{"id":5861,"date":"2025-03-20T20:09:09","date_gmt":"2025-03-20T20:09:09","guid":{"rendered":"https:\/\/radiojabato.es\/?p=5861"},"modified":"2025-03-20T20:09:09","modified_gmt":"2025-03-20T20:09:09","slug":"sin-palos-en-las-ruedas-oncologia-de-precision-huelgas-de-hambre-fisioterapia-digital-negocio-asistencial-y-como-esta-el-patio","status":"publish","type":"post","link":"https:\/\/radiojabato.es\/?p=5861","title":{"rendered":"SIN PALOS EN LAS RUEDAS: \u00abOncolog\u00eda de Precisi\u00f3n, Huelgas de Hambre, Fisioterapia Digital, Negocio Asistencial y C\u00f3mo est\u00e1 el Patio.\u00bb"},"content":{"rendered":"\n<iframe src=\"https:\/\/www.ivoox.com\/player_ej_143533538_6_1.html?c1=c03944\" width=\"100%\" height=\"200\" frameborder=\"0\" allowfullscreen=\"\" scrolling=\"no\" loading=\"lazy\"><\/iframe>\n\n\n\n<figure class=\"wp-block-embed is-type-video is-provider-youtube wp-block-embed-youtube wp-embed-aspect-16-9 wp-has-aspect-ratio\"><div class=\"wp-block-embed__wrapper\">\n<iframe loading=\"lazy\" title=\"SIN PALOS EN LAS RUEDAS: &quot;Oncolog\u00eda de Precisi\u00f3n, Huelgas de Hambre, Fisioterapia Digital y m\u00e1s...&quot;\" width=\"750\" height=\"422\" src=\"https:\/\/www.youtube.com\/embed\/GsFTDkhYn0E?feature=oembed\" frameborder=\"0\" allow=\"accelerometer; autoplay; clipboard-write; encrypted-media; gyroscope; picture-in-picture; web-share\" referrerpolicy=\"strict-origin-when-cross-origin\" allowfullscreen><\/iframe>\n<\/div><\/figure>\n\n\n\n<p>Hablamos con la Doctora Elisabeth Arrojo y su paciente Raquel Romero sobre el m\u00e9todo de tratamiento oncol\u00f3gico de presici\u00f3n que est\u00e1 teniendo muy buenos resultados.<br>Con el Doctor Ayose P\u00e9rez, M\u00e9dico especialista en medicina familiar y comunitaria y con la Doctora Marta Garaulet, Nutricionista y Master en Salud p\u00fablica por la Universidad de Harvard de las reacciones del cuerpo humano en una huelga de hambre, sus fases desde el primer d\u00eda.<br>Christian nos trae el tema del Negocio Asistencial con un afectado, donde empresas privadas gestionan la ayuda a domicilio y las residencias, provocando una mala ayuda para trasladar al usuario a sus residencias y lucrarse as\u00ed cobrando 3000 euros mensuales.<br>Terminamos con \u00bfC\u00f3mo est\u00e1 el patio? con Toni Melero.<\/p>\n\n\n\n<figure class=\"wp-block-gallery has-nested-images columns-default is-cropped wp-block-gallery-1 is-layout-flex wp-block-gallery-is-layout-flex\">\n<figure class=\"wp-block-image size-large\"><img loading=\"lazy\" decoding=\"async\" width=\"1024\" height=\"776\" data-id=\"5862\" src=\"https:\/\/radiojabato.es\/wp-content\/uploads\/2025\/03\/logho-autonomia-personal-2-1024x776.jpg\" alt=\"\" class=\"wp-image-5862\" srcset=\"https:\/\/radiojabato.es\/wp-content\/uploads\/2025\/03\/logho-autonomia-personal-2-1024x776.jpg 1024w, https:\/\/radiojabato.es\/wp-content\/uploads\/2025\/03\/logho-autonomia-personal-2-300x227.jpg 300w, https:\/\/radiojabato.es\/wp-content\/uploads\/2025\/03\/logho-autonomia-personal-2-768x582.jpg 768w, https:\/\/radiojabato.es\/wp-content\/uploads\/2025\/03\/logho-autonomia-personal-2.jpg 1280w\" sizes=\"auto, (max-width: 1024px) 100vw, 1024px\" \/><\/figure>\n\n\n\n<figure class=\"wp-block-image size-large\"><img loading=\"lazy\" decoding=\"async\" width=\"1024\" height=\"682\" data-id=\"5863\" src=\"https:\/\/radiojabato.es\/wp-content\/uploads\/2025\/03\/logo-rojo-3-1024x682.jpg\" alt=\"\" class=\"wp-image-5863\" srcset=\"https:\/\/radiojabato.es\/wp-content\/uploads\/2025\/03\/logo-rojo-3-1024x682.jpg 1024w, https:\/\/radiojabato.es\/wp-content\/uploads\/2025\/03\/logo-rojo-3-300x200.jpg 300w, https:\/\/radiojabato.es\/wp-content\/uploads\/2025\/03\/logo-rojo-3-768x512.jpg 768w, https:\/\/radiojabato.es\/wp-content\/uploads\/2025\/03\/logo-rojo-3.jpg 1280w\" sizes=\"auto, (max-width: 1024px) 100vw, 1024px\" \/><\/figure>\n\n\n\n<figure class=\"wp-block-image size-large\"><img loading=\"lazy\" decoding=\"async\" width=\"1024\" height=\"1024\" data-id=\"5864\" src=\"https:\/\/radiojabato.es\/wp-content\/uploads\/2025\/03\/Logo-3-1024x1024.jpg\" alt=\"\" class=\"wp-image-5864\" srcset=\"https:\/\/radiojabato.es\/wp-content\/uploads\/2025\/03\/Logo-3-1024x1024.jpg 1024w, https:\/\/radiojabato.es\/wp-content\/uploads\/2025\/03\/Logo-3-300x300.jpg 300w, https:\/\/radiojabato.es\/wp-content\/uploads\/2025\/03\/Logo-3-150x150.jpg 150w, https:\/\/radiojabato.es\/wp-content\/uploads\/2025\/03\/Logo-3-768x768.jpg 768w, https:\/\/radiojabato.es\/wp-content\/uploads\/2025\/03\/Logo-3-410x410.jpg 410w, https:\/\/radiojabato.es\/wp-content\/uploads\/2025\/03\/Logo-3.jpg 1080w\" sizes=\"auto, (max-width: 1024px) 100vw, 1024px\" \/><\/figure>\n<\/figure>\n\n\n\n<figure class=\"wp-block-gallery has-nested-images columns-default is-cropped wp-block-gallery-2 is-layout-flex wp-block-gallery-is-layout-flex\">\n<figure class=\"wp-block-image size-large\"><img loading=\"lazy\" decoding=\"async\" width=\"1024\" height=\"768\" data-id=\"5867\" src=\"https:\/\/radiojabato.es\/wp-content\/uploads\/2025\/03\/elisabeth-arrojo-imagen-1-1024x768.jpg\" alt=\"\" class=\"wp-image-5867\" srcset=\"https:\/\/radiojabato.es\/wp-content\/uploads\/2025\/03\/elisabeth-arrojo-imagen-1-1024x768.jpg 1024w, https:\/\/radiojabato.es\/wp-content\/uploads\/2025\/03\/elisabeth-arrojo-imagen-1-300x225.jpg 300w, https:\/\/radiojabato.es\/wp-content\/uploads\/2025\/03\/elisabeth-arrojo-imagen-1-768x576.jpg 768w, https:\/\/radiojabato.es\/wp-content\/uploads\/2025\/03\/elisabeth-arrojo-imagen-1.jpg 1280w\" sizes=\"auto, (max-width: 1024px) 100vw, 1024px\" \/><\/figure>\n\n\n\n<figure class=\"wp-block-image size-large\"><img loading=\"lazy\" decoding=\"async\" width=\"1024\" height=\"768\" data-id=\"5865\" src=\"https:\/\/radiojabato.es\/wp-content\/uploads\/2025\/03\/Marta-Garaulet-1024x768.jpg\" alt=\"\" class=\"wp-image-5865\" srcset=\"https:\/\/radiojabato.es\/wp-content\/uploads\/2025\/03\/Marta-Garaulet-1024x768.jpg 1024w, https:\/\/radiojabato.es\/wp-content\/uploads\/2025\/03\/Marta-Garaulet-300x225.jpg 300w, https:\/\/radiojabato.es\/wp-content\/uploads\/2025\/03\/Marta-Garaulet-768x576.jpg 768w, https:\/\/radiojabato.es\/wp-content\/uploads\/2025\/03\/Marta-Garaulet.jpg 1280w\" sizes=\"auto, (max-width: 1024px) 100vw, 1024px\" \/><\/figure>\n<\/figure>\n","protected":false},"excerpt":{"rendered":"<p>Hablamos con la Doctora Elisabeth Arrojo y su paciente Raquel Romero sobre el m\u00e9todo de tratamiento oncol\u00f3gico de presici\u00f3n que est\u00e1 teniendo muy buenos resultados.Con el Doctor Ayose P\u00e9rez, M\u00e9dico [&hellip;]<\/p>\n","protected":false},"author":2,"featured_media":0,"comment_status":"open","ping_status":"open","sticky":false,"template":"","format":"standard","meta":{"footnotes":""},"categories":[1625],"tags":[332,700,1898,1897,48,1341,1629],"class_list":["post-5861","post","type-post","status-publish","format-standard","hentry","category-sin-palos-en-las-ruedas","tag-discapacidad","tag-famma-cocemfe","tag-fisioterapia-digital","tag-oncologia","tag-radio-jabato","tag-residencias","tag-sin-palos-en-las-ruedas"],"_links":{"self":[{"href":"https:\/\/radiojabato.es\/index.php?rest_route=\/wp\/v2\/posts\/5861","targetHints":{"allow":["GET"]}}],"collection":[{"href":"https:\/\/radiojabato.es\/index.php?rest_route=\/wp\/v2\/posts"}],"about":[{"href":"https:\/\/radiojabato.es\/index.php?rest_route=\/wp\/v2\/types\/post"}],"author":[{"embeddable":true,"href":"https:\/\/radiojabato.es\/index.php?rest_route=\/wp\/v2\/users\/2"}],"replies":[{"embeddable":true,"href":"https:\/\/radiojabato.es\/index.php?rest_route=%2Fwp%2Fv2%2Fcomments&post=5861"}],"version-history":[{"count":1,"href":"https:\/\/radiojabato.es\/index.php?rest_route=\/wp\/v2\/posts\/5861\/revisions"}],"predecessor-version":[{"id":5868,"href":"https:\/\/radiojabato.es\/index.php?rest_route=\/wp\/v2\/posts\/5861\/revisions\/5868"}],"wp:attachment":[{"href":"https:\/\/radiojabato.es\/index.php?rest_route=%2Fwp%2Fv2%2Fmedia&parent=5861"}],"wp:term":[{"taxonomy":"category","embeddable":true,"href":"https:\/\/radiojabato.es\/index.php?rest_route=%2Fwp%2Fv2%2Fcategories&post=5861"},{"taxonomy":"post_tag","embeddable":true,"href":"https:\/\/radiojabato.es\/index.php?rest_route=%2Fwp%2Fv2%2Ftags&post=5861"}],"curies":[{"name":"wp","href":"https:\/\/api.w.org\/{rel}","templated":true}]}}