{"id":5798,"date":"2025-03-09T19:53:04","date_gmt":"2025-03-09T19:53:04","guid":{"rendered":"https:\/\/radiojabato.es\/?p=5798"},"modified":"2025-03-09T19:53:04","modified_gmt":"2025-03-09T19:53:04","slug":"xqsomos1-celia-hernandez-enfermera-familiar-y-comunitaria","status":"publish","type":"post","link":"https:\/\/radiojabato.es\/?p=5798","title":{"rendered":"XQSOMOS1+: \u00abCelia Hern\u00e1ndez, Enfermera Familiar y Comunitaria.\u00bb"},"content":{"rendered":"\n<iframe src=\"https:\/\/www.ivoox.com\/player_ej_141305428_6_1.html?c1=3c3c3c\" width=\"100%\" height=\"200\" frameborder=\"0\" allowfullscreen=\"\" scrolling=\"no\" loading=\"lazy\"><\/iframe>\n\n\n\n<figure class=\"wp-block-embed is-type-video is-provider-youtube wp-block-embed-youtube wp-embed-aspect-16-9 wp-has-aspect-ratio\"><div class=\"wp-block-embed__wrapper\">\n<iframe loading=\"lazy\" title=\"XQSOMOS1+: &quot;Celia Hern\u00e1ndez, Enfermera Familiar y Comunitaria.&quot;\" width=\"750\" height=\"422\" src=\"https:\/\/www.youtube.com\/embed\/ltXeJ9c77XY?feature=oembed\" frameborder=\"0\" allow=\"accelerometer; autoplay; clipboard-write; encrypted-media; gyroscope; picture-in-picture; web-share\" referrerpolicy=\"strict-origin-when-cross-origin\" allowfullscreen><\/iframe>\n<\/div><\/figure>\n\n\n\n<p>En XQ Somos 1+ entrevistamos a Celia Hern\u00e1ndez, enfermera que est\u00e1 finalizando la especialidad en enfermer\u00eda familiar y comunitaria.<br>Desde su posici\u00f3n, cercana a la poblaci\u00f3n, nos da su visi\u00f3n en el estigma de la enfermedad mental.<\/p>\n\n\n\n<figure class=\"wp-block-gallery has-nested-images columns-default is-cropped wp-block-gallery-1 is-layout-flex wp-block-gallery-is-layout-flex\">\n<figure class=\"wp-block-image size-large\"><img loading=\"lazy\" decoding=\"async\" width=\"577\" height=\"1024\" data-id=\"5800\" src=\"https:\/\/radiojabato.es\/wp-content\/uploads\/2025\/03\/photo_2025-03-09_20-38-40-577x1024.jpg\" alt=\"\" class=\"wp-image-5800\" srcset=\"https:\/\/radiojabato.es\/wp-content\/uploads\/2025\/03\/photo_2025-03-09_20-38-40-577x1024.jpg 577w, https:\/\/radiojabato.es\/wp-content\/uploads\/2025\/03\/photo_2025-03-09_20-38-40-169x300.jpg 169w, https:\/\/radiojabato.es\/wp-content\/uploads\/2025\/03\/photo_2025-03-09_20-38-40.jpg 721w\" sizes=\"auto, (max-width: 577px) 100vw, 577px\" \/><\/figure>\n\n\n\n<figure class=\"wp-block-image size-large\"><img loading=\"lazy\" decoding=\"async\" width=\"575\" height=\"1024\" data-id=\"5799\" src=\"https:\/\/radiojabato.es\/wp-content\/uploads\/2025\/03\/photo_2025-03-09_20-38-54-575x1024.jpg\" alt=\"\" class=\"wp-image-5799\" srcset=\"https:\/\/radiojabato.es\/wp-content\/uploads\/2025\/03\/photo_2025-03-09_20-38-54-575x1024.jpg 575w, https:\/\/radiojabato.es\/wp-content\/uploads\/2025\/03\/photo_2025-03-09_20-38-54-169x300.jpg 169w, https:\/\/radiojabato.es\/wp-content\/uploads\/2025\/03\/photo_2025-03-09_20-38-54.jpg 719w\" sizes=\"auto, (max-width: 575px) 100vw, 575px\" \/><\/figure>\n<\/figure>\n\n\n\n<figure class=\"wp-block-gallery has-nested-images columns-default is-cropped wp-block-gallery-2 is-layout-flex wp-block-gallery-is-layout-flex\">\n<figure class=\"wp-block-image size-large\"><img loading=\"lazy\" decoding=\"async\" width=\"1024\" height=\"576\" data-id=\"5802\" src=\"https:\/\/radiojabato.es\/wp-content\/uploads\/2025\/03\/Logo-copia-1024x576.jpg\" alt=\"\" class=\"wp-image-5802\" srcset=\"https:\/\/radiojabato.es\/wp-content\/uploads\/2025\/03\/Logo-copia-1024x576.jpg 1024w, https:\/\/radiojabato.es\/wp-content\/uploads\/2025\/03\/Logo-copia-300x169.jpg 300w, https:\/\/radiojabato.es\/wp-content\/uploads\/2025\/03\/Logo-copia-768x432.jpg 768w, https:\/\/radiojabato.es\/wp-content\/uploads\/2025\/03\/Logo-copia.jpg 1280w\" sizes=\"auto, (max-width: 1024px) 100vw, 1024px\" \/><\/figure>\n\n\n\n<figure class=\"wp-block-image size-large\"><img loading=\"lazy\" decoding=\"async\" width=\"1024\" height=\"682\" data-id=\"5803\" src=\"https:\/\/radiojabato.es\/wp-content\/uploads\/2025\/03\/logo-rojo-copia-1024x682.jpg\" alt=\"\" class=\"wp-image-5803\" srcset=\"https:\/\/radiojabato.es\/wp-content\/uploads\/2025\/03\/logo-rojo-copia-1024x682.jpg 1024w, https:\/\/radiojabato.es\/wp-content\/uploads\/2025\/03\/logo-rojo-copia-300x200.jpg 300w, https:\/\/radiojabato.es\/wp-content\/uploads\/2025\/03\/logo-rojo-copia-768x512.jpg 768w, https:\/\/radiojabato.es\/wp-content\/uploads\/2025\/03\/logo-rojo-copia.jpg 1280w\" sizes=\"auto, (max-width: 1024px) 100vw, 1024px\" \/><\/figure>\n\n\n\n<figure class=\"wp-block-image size-large\"><img loading=\"lazy\" decoding=\"async\" width=\"1024\" height=\"577\" data-id=\"5804\" src=\"https:\/\/radiojabato.es\/wp-content\/uploads\/2025\/03\/photo_2025-03-09_20-39-05-copia-1024x577.jpg\" alt=\"\" class=\"wp-image-5804\" srcset=\"https:\/\/radiojabato.es\/wp-content\/uploads\/2025\/03\/photo_2025-03-09_20-39-05-copia-1024x577.jpg 1024w, https:\/\/radiojabato.es\/wp-content\/uploads\/2025\/03\/photo_2025-03-09_20-39-05-copia-300x169.jpg 300w, https:\/\/radiojabato.es\/wp-content\/uploads\/2025\/03\/photo_2025-03-09_20-39-05-copia-768x433.jpg 768w, https:\/\/radiojabato.es\/wp-content\/uploads\/2025\/03\/photo_2025-03-09_20-39-05-copia.jpg 1280w\" sizes=\"auto, (max-width: 1024px) 100vw, 1024px\" \/><\/figure>\n<\/figure>\n","protected":false},"excerpt":{"rendered":"<p>En XQ Somos 1+ entrevistamos a Celia Hern\u00e1ndez, enfermera que est\u00e1 finalizando la especialidad en enfermer\u00eda familiar y comunitaria.Desde su posici\u00f3n, cercana a la poblaci\u00f3n, nos da su visi\u00f3n en [&hellip;]<\/p>\n","protected":false},"author":2,"featured_media":0,"comment_status":"open","ping_status":"open","sticky":false,"template":"","format":"standard","meta":{"footnotes":""},"categories":[1449],"tags":[1877,1062,1878,48],"class_list":["post-5798","post","type-post","status-publish","format-standard","hentry","category-xq-somos-1","tag-celia-hernandez","tag-enfermedad-mental-grave","tag-enfermeria-familiar","tag-radio-jabato"],"_links":{"self":[{"href":"https:\/\/radiojabato.es\/index.php?rest_route=\/wp\/v2\/posts\/5798","targetHints":{"allow":["GET"]}}],"collection":[{"href":"https:\/\/radiojabato.es\/index.php?rest_route=\/wp\/v2\/posts"}],"about":[{"href":"https:\/\/radiojabato.es\/index.php?rest_route=\/wp\/v2\/types\/post"}],"author":[{"embeddable":true,"href":"https:\/\/radiojabato.es\/index.php?rest_route=\/wp\/v2\/users\/2"}],"replies":[{"embeddable":true,"href":"https:\/\/radiojabato.es\/index.php?rest_route=%2Fwp%2Fv2%2Fcomments&post=5798"}],"version-history":[{"count":1,"href":"https:\/\/radiojabato.es\/index.php?rest_route=\/wp\/v2\/posts\/5798\/revisions"}],"predecessor-version":[{"id":5805,"href":"https:\/\/radiojabato.es\/index.php?rest_route=\/wp\/v2\/posts\/5798\/revisions\/5805"}],"wp:attachment":[{"href":"https:\/\/radiojabato.es\/index.php?rest_route=%2Fwp%2Fv2%2Fmedia&parent=5798"}],"wp:term":[{"taxonomy":"category","embeddable":true,"href":"https:\/\/radiojabato.es\/index.php?rest_route=%2Fwp%2Fv2%2Fcategories&post=5798"},{"taxonomy":"post_tag","embeddable":true,"href":"https:\/\/radiojabato.es\/index.php?rest_route=%2Fwp%2Fv2%2Ftags&post=5798"}],"curies":[{"name":"wp","href":"https:\/\/api.w.org\/{rel}","templated":true}]}}