{"id":5780,"date":"2025-03-06T19:56:08","date_gmt":"2025-03-06T19:56:08","guid":{"rendered":"https:\/\/radiojabato.es\/?p=5780"},"modified":"2025-03-06T19:56:08","modified_gmt":"2025-03-06T19:56:08","slug":"sin-palos-en-las-ruedas-programa-daroca-farmacias-hospital-de-paraplejicos-de-toledo-ia-a-las-escaras-y-mas","status":"publish","type":"post","link":"https:\/\/radiojabato.es\/?p=5780","title":{"rendered":"SIN PALOS EN LAS RUEDAS: \u00abPrograma Daroca Farmacias, Hospital de Parapl\u00e9jicos de Toledo, IA a las escaras y m\u00e1s&#8230;\u00bb"},"content":{"rendered":"\n<iframe src=\"https:\/\/www.ivoox.com\/player_ej_141214394_6_1.html?c1=c03944\" width=\"100%\" height=\"200\" frameborder=\"0\" allowfullscreen=\"\" scrolling=\"no\" loading=\"lazy\"><\/iframe>\n\n\n\n<figure class=\"wp-block-embed is-type-video is-provider-youtube wp-block-embed-youtube wp-embed-aspect-16-9 wp-has-aspect-ratio\"><div class=\"wp-block-embed__wrapper\">\n<iframe loading=\"lazy\" title=\"SIN PALOS EN LAS RUEDAS: &quot;Programa Daroca Farmacias, Hospital de Parapl\u00e9jicos de Toledo y m\u00e1s...&quot;\" width=\"750\" height=\"422\" src=\"https:\/\/www.youtube.com\/embed\/oRXKunj5jMI?feature=oembed\" frameborder=\"0\" allow=\"accelerometer; autoplay; clipboard-write; encrypted-media; gyroscope; picture-in-picture; web-share\" referrerpolicy=\"strict-origin-when-cross-origin\" allowfullscreen><\/iframe>\n<\/div><\/figure>\n\n\n\n<p>Hablamos con Cristina Mu\u00f1oz, farmace\u00fatica comunitaria sobre el programa Daroca Farmacias para solucionar en Daroca los problemas de prescripci\u00f3n, dispensaci\u00f3n y administraci\u00f3n de medicaci\u00f3n a pacientes.<br>Con Teresa Mu\u00f1oz del Hospital Nacional de Parapl\u00e9jicos de Toledo hablamos de la investigaci\u00f3n en el sistema regulador del da\u00f1o neuronal tras un da\u00f1o medular que est\u00e1n realizando.<br>Hablamos de la aplicaci\u00f3n de la IA en la detecci\u00f3n y diagn\u00f3stico de las escaras, luego, Miriam Fern\u00e1ndez nos trae cosas curiosas que pasan.<br>Aitana pichel nos trae planes del pasado Carnaval y finalizamos con Christian Herrera y el Diccionario Jur\u00eddico.<\/p>\n\n\n\n<figure class=\"wp-block-gallery has-nested-images columns-default is-cropped wp-block-gallery-1 is-layout-flex wp-block-gallery-is-layout-flex\">\n<figure class=\"wp-block-image size-large\"><img loading=\"lazy\" decoding=\"async\" width=\"1024\" height=\"776\" data-id=\"5782\" src=\"https:\/\/radiojabato.es\/wp-content\/uploads\/2025\/03\/logho-autonomia-personal-1024x776.jpg\" alt=\"\" class=\"wp-image-5782\" srcset=\"https:\/\/radiojabato.es\/wp-content\/uploads\/2025\/03\/logho-autonomia-personal-1024x776.jpg 1024w, https:\/\/radiojabato.es\/wp-content\/uploads\/2025\/03\/logho-autonomia-personal-300x227.jpg 300w, https:\/\/radiojabato.es\/wp-content\/uploads\/2025\/03\/logho-autonomia-personal-768x582.jpg 768w, https:\/\/radiojabato.es\/wp-content\/uploads\/2025\/03\/logho-autonomia-personal.jpg 1280w\" sizes=\"auto, (max-width: 1024px) 100vw, 1024px\" \/><\/figure>\n\n\n\n<figure class=\"wp-block-image size-large\"><img loading=\"lazy\" decoding=\"async\" width=\"1024\" height=\"682\" data-id=\"5781\" src=\"https:\/\/radiojabato.es\/wp-content\/uploads\/2025\/03\/logo-rojo-1-1024x682.jpg\" alt=\"\" class=\"wp-image-5781\" srcset=\"https:\/\/radiojabato.es\/wp-content\/uploads\/2025\/03\/logo-rojo-1-1024x682.jpg 1024w, https:\/\/radiojabato.es\/wp-content\/uploads\/2025\/03\/logo-rojo-1-300x200.jpg 300w, https:\/\/radiojabato.es\/wp-content\/uploads\/2025\/03\/logo-rojo-1-768x512.jpg 768w, https:\/\/radiojabato.es\/wp-content\/uploads\/2025\/03\/logo-rojo-1.jpg 1280w\" sizes=\"auto, (max-width: 1024px) 100vw, 1024px\" \/><\/figure>\n\n\n\n<figure class=\"wp-block-image size-large\"><img loading=\"lazy\" decoding=\"async\" width=\"1024\" height=\"1024\" data-id=\"5783\" src=\"https:\/\/radiojabato.es\/wp-content\/uploads\/2025\/03\/Logo-1-1024x1024.jpg\" alt=\"\" class=\"wp-image-5783\" srcset=\"https:\/\/radiojabato.es\/wp-content\/uploads\/2025\/03\/Logo-1-1024x1024.jpg 1024w, https:\/\/radiojabato.es\/wp-content\/uploads\/2025\/03\/Logo-1-300x300.jpg 300w, https:\/\/radiojabato.es\/wp-content\/uploads\/2025\/03\/Logo-1-150x150.jpg 150w, https:\/\/radiojabato.es\/wp-content\/uploads\/2025\/03\/Logo-1-768x768.jpg 768w, https:\/\/radiojabato.es\/wp-content\/uploads\/2025\/03\/Logo-1-410x410.jpg 410w, https:\/\/radiojabato.es\/wp-content\/uploads\/2025\/03\/Logo-1.jpg 1080w\" sizes=\"auto, (max-width: 1024px) 100vw, 1024px\" \/><\/figure>\n<\/figure>\n\n\n\n<figure class=\"wp-block-gallery has-nested-images columns-default is-cropped wp-block-gallery-2 is-layout-flex wp-block-gallery-is-layout-flex\">\n<figure class=\"wp-block-image size-large\"><img loading=\"lazy\" decoding=\"async\" width=\"1024\" height=\"768\" data-id=\"5784\" src=\"https:\/\/radiojabato.es\/wp-content\/uploads\/2025\/03\/Aitana-Pichel-y-Christian-herrera-1024x768.jpg\" alt=\"\" class=\"wp-image-5784\" srcset=\"https:\/\/radiojabato.es\/wp-content\/uploads\/2025\/03\/Aitana-Pichel-y-Christian-herrera-1024x768.jpg 1024w, https:\/\/radiojabato.es\/wp-content\/uploads\/2025\/03\/Aitana-Pichel-y-Christian-herrera-300x225.jpg 300w, https:\/\/radiojabato.es\/wp-content\/uploads\/2025\/03\/Aitana-Pichel-y-Christian-herrera-768x576.jpg 768w, https:\/\/radiojabato.es\/wp-content\/uploads\/2025\/03\/Aitana-Pichel-y-Christian-herrera.jpg 1280w\" sizes=\"auto, (max-width: 1024px) 100vw, 1024px\" \/><\/figure>\n\n\n\n<figure class=\"wp-block-image size-large\"><img loading=\"lazy\" decoding=\"async\" width=\"1024\" height=\"768\" data-id=\"5785\" src=\"https:\/\/radiojabato.es\/wp-content\/uploads\/2025\/03\/photo_2025-03-06_08-55-38-1024x768.jpg\" alt=\"\" class=\"wp-image-5785\" srcset=\"https:\/\/radiojabato.es\/wp-content\/uploads\/2025\/03\/photo_2025-03-06_08-55-38-1024x768.jpg 1024w, https:\/\/radiojabato.es\/wp-content\/uploads\/2025\/03\/photo_2025-03-06_08-55-38-300x225.jpg 300w, https:\/\/radiojabato.es\/wp-content\/uploads\/2025\/03\/photo_2025-03-06_08-55-38-768x576.jpg 768w, https:\/\/radiojabato.es\/wp-content\/uploads\/2025\/03\/photo_2025-03-06_08-55-38.jpg 1280w\" sizes=\"auto, (max-width: 1024px) 100vw, 1024px\" \/><\/figure>\n<\/figure>\n\n\n\n<figure class=\"wp-block-gallery has-nested-images columns-default is-cropped wp-block-gallery-3 is-layout-flex wp-block-gallery-is-layout-flex\">\n<figure class=\"wp-block-image size-large\"><img loading=\"lazy\" decoding=\"async\" width=\"768\" height=\"1024\" data-id=\"5789\" src=\"https:\/\/radiojabato.es\/wp-content\/uploads\/2025\/03\/photo_2025-03-06_08-55-26-1-768x1024.jpg\" alt=\"\" class=\"wp-image-5789\" srcset=\"https:\/\/radiojabato.es\/wp-content\/uploads\/2025\/03\/photo_2025-03-06_08-55-26-1-768x1024.jpg 768w, https:\/\/radiojabato.es\/wp-content\/uploads\/2025\/03\/photo_2025-03-06_08-55-26-1-225x300.jpg 225w, https:\/\/radiojabato.es\/wp-content\/uploads\/2025\/03\/photo_2025-03-06_08-55-26-1.jpg 960w\" sizes=\"auto, (max-width: 768px) 100vw, 768px\" \/><\/figure>\n\n\n\n<figure class=\"wp-block-image size-large\"><img loading=\"lazy\" decoding=\"async\" width=\"768\" height=\"1024\" data-id=\"5788\" src=\"https:\/\/radiojabato.es\/wp-content\/uploads\/2025\/03\/photo_2025-03-06_08-55-32-1-768x1024.jpg\" alt=\"\" class=\"wp-image-5788\" srcset=\"https:\/\/radiojabato.es\/wp-content\/uploads\/2025\/03\/photo_2025-03-06_08-55-32-1-768x1024.jpg 768w, https:\/\/radiojabato.es\/wp-content\/uploads\/2025\/03\/photo_2025-03-06_08-55-32-1-225x300.jpg 225w, https:\/\/radiojabato.es\/wp-content\/uploads\/2025\/03\/photo_2025-03-06_08-55-32-1.jpg 960w\" sizes=\"auto, (max-width: 768px) 100vw, 768px\" \/><\/figure>\n<\/figure>\n","protected":false},"excerpt":{"rendered":"<p>Hablamos con Cristina Mu\u00f1oz, farmace\u00fatica comunitaria sobre el programa Daroca Farmacias para solucionar en Daroca los problemas de prescripci\u00f3n, dispensaci\u00f3n y administraci\u00f3n de medicaci\u00f3n a pacientes.Con Teresa Mu\u00f1oz del Hospital [&hellip;]<\/p>\n","protected":false},"author":2,"featured_media":0,"comment_status":"open","ping_status":"open","sticky":false,"template":"","format":"standard","meta":{"footnotes":""},"categories":[1625],"tags":[332,700,1630,1872,48,1629],"class_list":["post-5780","post","type-post","status-publish","format-standard","hentry","category-sin-palos-en-las-ruedas","tag-discapacidad","tag-famma-cocemfe","tag-fundacion-360-para-la-autonomia-personal","tag-hospital-nacional-de-paraplejicos-de-toledo","tag-radio-jabato","tag-sin-palos-en-las-ruedas"],"_links":{"self":[{"href":"https:\/\/radiojabato.es\/index.php?rest_route=\/wp\/v2\/posts\/5780","targetHints":{"allow":["GET"]}}],"collection":[{"href":"https:\/\/radiojabato.es\/index.php?rest_route=\/wp\/v2\/posts"}],"about":[{"href":"https:\/\/radiojabato.es\/index.php?rest_route=\/wp\/v2\/types\/post"}],"author":[{"embeddable":true,"href":"https:\/\/radiojabato.es\/index.php?rest_route=\/wp\/v2\/users\/2"}],"replies":[{"embeddable":true,"href":"https:\/\/radiojabato.es\/index.php?rest_route=%2Fwp%2Fv2%2Fcomments&post=5780"}],"version-history":[{"count":1,"href":"https:\/\/radiojabato.es\/index.php?rest_route=\/wp\/v2\/posts\/5780\/revisions"}],"predecessor-version":[{"id":5790,"href":"https:\/\/radiojabato.es\/index.php?rest_route=\/wp\/v2\/posts\/5780\/revisions\/5790"}],"wp:attachment":[{"href":"https:\/\/radiojabato.es\/index.php?rest_route=%2Fwp%2Fv2%2Fmedia&parent=5780"}],"wp:term":[{"taxonomy":"category","embeddable":true,"href":"https:\/\/radiojabato.es\/index.php?rest_route=%2Fwp%2Fv2%2Fcategories&post=5780"},{"taxonomy":"post_tag","embeddable":true,"href":"https:\/\/radiojabato.es\/index.php?rest_route=%2Fwp%2Fv2%2Ftags&post=5780"}],"curies":[{"name":"wp","href":"https:\/\/api.w.org\/{rel}","templated":true}]}}