{"id":5758,"date":"2025-03-03T11:03:12","date_gmt":"2025-03-03T11:03:12","guid":{"rendered":"https:\/\/radiojabato.es\/?p=5758"},"modified":"2025-03-03T11:03:12","modified_gmt":"2025-03-03T11:03:12","slug":"cosas-de-los-nadie-taleb-alisalem-no-olvidemos-el-sahara-occidental","status":"publish","type":"post","link":"https:\/\/radiojabato.es\/?p=5758","title":{"rendered":"COSAS DE LOS NADIE: \u00abTaleb Alisalem, No Olvidemos el SAHARA OCCIDENTAL.\u00bb"},"content":{"rendered":"\n<iframe src=\"https:\/\/www.ivoox.com\/player_ej_140867577_6_1.html?c1=050614\" width=\"100%\" height=\"200\" frameborder=\"0\" allowfullscreen=\"\" scrolling=\"no\" loading=\"lazy\"><\/iframe>\n\n\n\n<figure class=\"wp-block-embed is-type-video is-provider-youtube wp-block-embed-youtube wp-embed-aspect-16-9 wp-has-aspect-ratio\"><div class=\"wp-block-embed__wrapper\">\n<iframe loading=\"lazy\" title=\"COSAS DE LOS NADIE: &quot;Taleb Alisalem, No Olvidemos el SAHARA OCCIDENTAL.&quot;\" width=\"750\" height=\"422\" src=\"https:\/\/www.youtube.com\/embed\/MSxbRBVM0ls?feature=oembed\" frameborder=\"0\" allow=\"accelerometer; autoplay; clipboard-write; encrypted-media; gyroscope; picture-in-picture; web-share\" referrerpolicy=\"strict-origin-when-cross-origin\" allowfullscreen><\/iframe>\n<\/div><\/figure>\n\n\n\n<p>Taleb Alisalem, activista y analista pol\u00edtico, invitado por las Naciones Unidas para participar en las sesiones del comit\u00e9 de descolonizaci\u00f3n para el Sahara Occidental. Poseedor del premio \u00abInternacional de la Causa Saharaui\u00bb, es un prestigioso analista de los temas del Sahara Occidental, \u00c1frica y el Oriente Medio que ha escrito \u00abSahara Occidental. Un Viaje a la Libertad\u00bb donde explora la cuesti\u00f3n del S\u00e1hara Occidental.<\/p>\n\n\n\n<figure class=\"wp-block-gallery has-nested-images columns-default is-cropped wp-block-gallery-1 is-layout-flex wp-block-gallery-is-layout-flex\">\n<figure class=\"wp-block-image size-full\"><img loading=\"lazy\" decoding=\"async\" width=\"145\" height=\"145\" data-id=\"5759\" src=\"https:\/\/radiojabato.es\/wp-content\/uploads\/2025\/03\/index.jpg\" alt=\"\" class=\"wp-image-5759\"\/><\/figure>\n\n\n\n<figure class=\"wp-block-image size-large\"><img loading=\"lazy\" decoding=\"async\" width=\"724\" height=\"1024\" data-id=\"5761\" src=\"https:\/\/radiojabato.es\/wp-content\/uploads\/2025\/03\/taleb-alisalem-724x1024.png\" alt=\"\" class=\"wp-image-5761\" srcset=\"https:\/\/radiojabato.es\/wp-content\/uploads\/2025\/03\/taleb-alisalem-724x1024.png 724w, https:\/\/radiojabato.es\/wp-content\/uploads\/2025\/03\/taleb-alisalem-212x300.png 212w, https:\/\/radiojabato.es\/wp-content\/uploads\/2025\/03\/taleb-alisalem-768x1086.png 768w, https:\/\/radiojabato.es\/wp-content\/uploads\/2025\/03\/taleb-alisalem.png 1587w\" sizes=\"auto, (max-width: 724px) 100vw, 724px\" \/><\/figure>\n<\/figure>\n\n\n\n<p><\/p>\n","protected":false},"excerpt":{"rendered":"<p>Taleb Alisalem, activista y analista pol\u00edtico, invitado por las Naciones Unidas para participar en las sesiones del comit\u00e9 de descolonizaci\u00f3n para el Sahara Occidental. Poseedor del premio \u00abInternacional de la [&hellip;]<\/p>\n","protected":false},"author":2,"featured_media":0,"comment_status":"open","ping_status":"open","sticky":false,"template":"","format":"standard","meta":{"footnotes":""},"categories":[37],"tags":[387,120,48],"class_list":["post-5758","post","type-post","status-publish","format-standard","hentry","category-cosas-de-los-nadie","tag-antolin-pulido-vazquez","tag-cosas-de-los-nadie","tag-radio-jabato"],"_links":{"self":[{"href":"https:\/\/radiojabato.es\/index.php?rest_route=\/wp\/v2\/posts\/5758","targetHints":{"allow":["GET"]}}],"collection":[{"href":"https:\/\/radiojabato.es\/index.php?rest_route=\/wp\/v2\/posts"}],"about":[{"href":"https:\/\/radiojabato.es\/index.php?rest_route=\/wp\/v2\/types\/post"}],"author":[{"embeddable":true,"href":"https:\/\/radiojabato.es\/index.php?rest_route=\/wp\/v2\/users\/2"}],"replies":[{"embeddable":true,"href":"https:\/\/radiojabato.es\/index.php?rest_route=%2Fwp%2Fv2%2Fcomments&post=5758"}],"version-history":[{"count":1,"href":"https:\/\/radiojabato.es\/index.php?rest_route=\/wp\/v2\/posts\/5758\/revisions"}],"predecessor-version":[{"id":5762,"href":"https:\/\/radiojabato.es\/index.php?rest_route=\/wp\/v2\/posts\/5758\/revisions\/5762"}],"wp:attachment":[{"href":"https:\/\/radiojabato.es\/index.php?rest_route=%2Fwp%2Fv2%2Fmedia&parent=5758"}],"wp:term":[{"taxonomy":"category","embeddable":true,"href":"https:\/\/radiojabato.es\/index.php?rest_route=%2Fwp%2Fv2%2Fcategories&post=5758"},{"taxonomy":"post_tag","embeddable":true,"href":"https:\/\/radiojabato.es\/index.php?rest_route=%2Fwp%2Fv2%2Ftags&post=5758"}],"curies":[{"name":"wp","href":"https:\/\/api.w.org\/{rel}","templated":true}]}}