{"id":5718,"date":"2025-02-27T20:38:35","date_gmt":"2025-02-27T20:38:35","guid":{"rendered":"https:\/\/radiojabato.es\/?p=5718"},"modified":"2025-02-27T20:38:35","modified_gmt":"2025-02-27T20:38:35","slug":"sin-palos-en-las-ruedas-anorexia-tecnicas-de-estudio-acupuntura-humor-y-diccionario-juridico","status":"publish","type":"post","link":"https:\/\/radiojabato.es\/?p=5718","title":{"rendered":"SIN PALOS EN LAS RUEDAS: \u00abAnorexia, T\u00e9cnicas de Estudio, Acupuntura, Humor y Diccionario Jur\u00eddico.\u00bb"},"content":{"rendered":"\n<iframe src=\"https:\/\/www.ivoox.com\/player_ej_140756762_6_1.html?c1=c03944\" width=\"100%\" height=\"200\" frameborder=\"0\" allowfullscreen=\"\" scrolling=\"no\" loading=\"lazy\"><\/iframe>\n\n\n\n<figure class=\"wp-block-embed is-type-video is-provider-youtube wp-block-embed-youtube wp-embed-aspect-16-9 wp-has-aspect-ratio\"><div class=\"wp-block-embed__wrapper\">\n<iframe loading=\"lazy\" title=\"SIN PALOS EN LAS RUEDAS: &quot;Anorexia, T\u00e9cnicas de Estudio, Acupuntura, Humor y Diccionario Jur\u00eddico.&quot;\" width=\"750\" height=\"422\" src=\"https:\/\/www.youtube.com\/embed\/qbXzoeMtTVs?feature=oembed\" frameborder=\"0\" allow=\"accelerometer; autoplay; clipboard-write; encrypted-media; gyroscope; picture-in-picture; web-share\" referrerpolicy=\"strict-origin-when-cross-origin\" allowfullscreen><\/iframe>\n<\/div><\/figure>\n\n\n\n<p>En este programa hablamos de la \u00abAnorexia\u00bb con Estrella Gonz\u00e1lez, psic\u00f3loga de la Cl\u00ednica L\u00f3pez Ibor, una enfermedad mental profunda con raices en la ansiedad, el miedo y la percepci\u00f3n distorsionada del propio cuerpo.<br>Damos t\u00e9cnicas de estudio con Fernando Blanco y continuamos Hablanfo de \u00abAcupuntura\u00bb con Beltr\u00e1n Carrillo, Experto en Geriatr\u00eda y Acupuntura M\u00e9dica.<br>Un poco de humor con el \u00abFen\u00f3meno Montoya\u00bb, Andy y Lucas y m\u00e1s; finalizando con el Diccionario Jur\u00eddico con Christian.<\/p>\n\n\n\n<figure class=\"wp-block-gallery has-nested-images columns-default is-cropped wp-block-gallery-1 is-layout-flex wp-block-gallery-is-layout-flex\">\n<figure class=\"wp-block-image size-large\"><img loading=\"lazy\" decoding=\"async\" width=\"1024\" height=\"776\" data-id=\"5725\" src=\"https:\/\/radiojabato.es\/wp-content\/uploads\/2025\/02\/logho-autonomia-personal-3-1024x776.jpg\" alt=\"\" class=\"wp-image-5725\" srcset=\"https:\/\/radiojabato.es\/wp-content\/uploads\/2025\/02\/logho-autonomia-personal-3-1024x776.jpg 1024w, https:\/\/radiojabato.es\/wp-content\/uploads\/2025\/02\/logho-autonomia-personal-3-300x227.jpg 300w, https:\/\/radiojabato.es\/wp-content\/uploads\/2025\/02\/logho-autonomia-personal-3-768x582.jpg 768w, https:\/\/radiojabato.es\/wp-content\/uploads\/2025\/02\/logho-autonomia-personal-3.jpg 1280w\" sizes=\"auto, (max-width: 1024px) 100vw, 1024px\" \/><\/figure>\n\n\n\n<figure class=\"wp-block-image size-large\"><img loading=\"lazy\" decoding=\"async\" width=\"1024\" height=\"682\" data-id=\"5726\" src=\"https:\/\/radiojabato.es\/wp-content\/uploads\/2025\/02\/logo-rojo-3-1024x682.jpg\" alt=\"\" class=\"wp-image-5726\" srcset=\"https:\/\/radiojabato.es\/wp-content\/uploads\/2025\/02\/logo-rojo-3-1024x682.jpg 1024w, https:\/\/radiojabato.es\/wp-content\/uploads\/2025\/02\/logo-rojo-3-300x200.jpg 300w, https:\/\/radiojabato.es\/wp-content\/uploads\/2025\/02\/logo-rojo-3-768x512.jpg 768w, https:\/\/radiojabato.es\/wp-content\/uploads\/2025\/02\/logo-rojo-3.jpg 1280w\" sizes=\"auto, (max-width: 1024px) 100vw, 1024px\" \/><\/figure>\n\n\n\n<figure class=\"wp-block-image size-large\"><img loading=\"lazy\" decoding=\"async\" width=\"1024\" height=\"1024\" data-id=\"5727\" src=\"https:\/\/radiojabato.es\/wp-content\/uploads\/2025\/02\/Logo-4-1024x1024.jpg\" alt=\"\" class=\"wp-image-5727\" srcset=\"https:\/\/radiojabato.es\/wp-content\/uploads\/2025\/02\/Logo-4-1024x1024.jpg 1024w, https:\/\/radiojabato.es\/wp-content\/uploads\/2025\/02\/Logo-4-300x300.jpg 300w, https:\/\/radiojabato.es\/wp-content\/uploads\/2025\/02\/Logo-4-150x150.jpg 150w, https:\/\/radiojabato.es\/wp-content\/uploads\/2025\/02\/Logo-4-768x768.jpg 768w, https:\/\/radiojabato.es\/wp-content\/uploads\/2025\/02\/Logo-4-410x410.jpg 410w, https:\/\/radiojabato.es\/wp-content\/uploads\/2025\/02\/Logo-4.jpg 1080w\" sizes=\"auto, (max-width: 1024px) 100vw, 1024px\" \/><\/figure>\n<\/figure>\n\n\n\n<p><\/p>\n","protected":false},"excerpt":{"rendered":"<p>En este programa hablamos de la \u00abAnorexia\u00bb con Estrella Gonz\u00e1lez, psic\u00f3loga de la Cl\u00ednica L\u00f3pez Ibor, una enfermedad mental profunda con raices en la ansiedad, el miedo y la percepci\u00f3n [&hellip;]<\/p>\n","protected":false},"author":2,"featured_media":0,"comment_status":"open","ping_status":"open","sticky":false,"template":"","format":"standard","meta":{"footnotes":""},"categories":[1625],"tags":[1857,332,700,1630,48,1629],"class_list":["post-5718","post","type-post","status-publish","format-standard","hentry","category-sin-palos-en-las-ruedas","tag-anorexia","tag-discapacidad","tag-famma-cocemfe","tag-fundacion-360-para-la-autonomia-personal","tag-radio-jabato","tag-sin-palos-en-las-ruedas"],"_links":{"self":[{"href":"https:\/\/radiojabato.es\/index.php?rest_route=\/wp\/v2\/posts\/5718","targetHints":{"allow":["GET"]}}],"collection":[{"href":"https:\/\/radiojabato.es\/index.php?rest_route=\/wp\/v2\/posts"}],"about":[{"href":"https:\/\/radiojabato.es\/index.php?rest_route=\/wp\/v2\/types\/post"}],"author":[{"embeddable":true,"href":"https:\/\/radiojabato.es\/index.php?rest_route=\/wp\/v2\/users\/2"}],"replies":[{"embeddable":true,"href":"https:\/\/radiojabato.es\/index.php?rest_route=%2Fwp%2Fv2%2Fcomments&post=5718"}],"version-history":[{"count":1,"href":"https:\/\/radiojabato.es\/index.php?rest_route=\/wp\/v2\/posts\/5718\/revisions"}],"predecessor-version":[{"id":5731,"href":"https:\/\/radiojabato.es\/index.php?rest_route=\/wp\/v2\/posts\/5718\/revisions\/5731"}],"wp:attachment":[{"href":"https:\/\/radiojabato.es\/index.php?rest_route=%2Fwp%2Fv2%2Fmedia&parent=5718"}],"wp:term":[{"taxonomy":"category","embeddable":true,"href":"https:\/\/radiojabato.es\/index.php?rest_route=%2Fwp%2Fv2%2Fcategories&post=5718"},{"taxonomy":"post_tag","embeddable":true,"href":"https:\/\/radiojabato.es\/index.php?rest_route=%2Fwp%2Fv2%2Ftags&post=5718"}],"curies":[{"name":"wp","href":"https:\/\/api.w.org\/{rel}","templated":true}]}}