{"id":5716,"date":"2025-02-26T22:55:36","date_gmt":"2025-02-26T22:55:36","guid":{"rendered":"https:\/\/radiojabato.es\/?p=5716"},"modified":"2025-02-26T22:57:01","modified_gmt":"2025-02-26T22:57:01","slug":"coslada-accesible-dani-molina-trialeta-campeon-olimpico-2024","status":"publish","type":"post","link":"https:\/\/radiojabato.es\/?p=5716","title":{"rendered":"COSLADA ACCESIBLE. \u00abDANI MOLINA TRIALETA. CAMPE\u00d3N OL\u00cdMPICO 2024\u00bb"},"content":{"rendered":"\n<p>En este programa de febrero, Ismael Calle nos trae novedades en cuanto a la adquisici\u00f3n de una silla Jo\u00eblette, que m\u00e1s adelante se har\u00e1 su presentaci\u00f3n oficial y que ser\u00e1 ideal para realizaci\u00f3n de actividades de senderismo o Trail , ya que esta silla de ruedas todo terreno monorueda permite practicar estas actividades.<br>Adem\u00e1s contaremos con la participaci\u00f3n de a un invitado muy especial @dani_molina_triatleta deportista espa\u00f1ol que compite en triatl\u00f3n adaptado y gan\u00f3 una medalla de oro en los Juegos Paral\u00edmpicos de Par\u00eds 2024, en la prueba PTS3, a parte de un extenso palmar\u00e9s como deportista profesional. As\u00ed que hemos tenido el inmenso placer de entrevistarle y compartir con \u00e9l su \u00e1nimo y sus ganas de ganar mas t\u00edtulos, hasta que el cuerpo aguante!!! \ud83d\ude42<\/p>\n\n\n\n<iframe src=\"https:\/\/www.ivoox.com\/player_ej_140600371_6_1.html?c1=8a0000\" width=\"100%\" height=\"200\" frameborder=\"0\" allowfullscreen=\"\" scrolling=\"no\" loading=\"lazy\"><\/iframe>\n","protected":false},"excerpt":{"rendered":"<p>En este programa de febrero, Ismael Calle nos trae novedades en cuanto a la adquisici\u00f3n de una silla Jo\u00eblette, que m\u00e1s adelante se har\u00e1 su presentaci\u00f3n oficial y que ser\u00e1 [&hellip;]<\/p>\n","protected":false},"author":9,"featured_media":0,"comment_status":"open","ping_status":"open","sticky":false,"template":"","format":"standard","meta":{"footnotes":""},"categories":[337],"tags":[1856],"class_list":["post-5716","post","type-post","status-publish","format-standard","hentry","category-coslada-accesible","tag-entrevista-activismo-deporte-olimpiadas-discapacidad"],"_links":{"self":[{"href":"https:\/\/radiojabato.es\/index.php?rest_route=\/wp\/v2\/posts\/5716","targetHints":{"allow":["GET"]}}],"collection":[{"href":"https:\/\/radiojabato.es\/index.php?rest_route=\/wp\/v2\/posts"}],"about":[{"href":"https:\/\/radiojabato.es\/index.php?rest_route=\/wp\/v2\/types\/post"}],"author":[{"embeddable":true,"href":"https:\/\/radiojabato.es\/index.php?rest_route=\/wp\/v2\/users\/9"}],"replies":[{"embeddable":true,"href":"https:\/\/radiojabato.es\/index.php?rest_route=%2Fwp%2Fv2%2Fcomments&post=5716"}],"version-history":[{"count":1,"href":"https:\/\/radiojabato.es\/index.php?rest_route=\/wp\/v2\/posts\/5716\/revisions"}],"predecessor-version":[{"id":5717,"href":"https:\/\/radiojabato.es\/index.php?rest_route=\/wp\/v2\/posts\/5716\/revisions\/5717"}],"wp:attachment":[{"href":"https:\/\/radiojabato.es\/index.php?rest_route=%2Fwp%2Fv2%2Fmedia&parent=5716"}],"wp:term":[{"taxonomy":"category","embeddable":true,"href":"https:\/\/radiojabato.es\/index.php?rest_route=%2Fwp%2Fv2%2Fcategories&post=5716"},{"taxonomy":"post_tag","embeddable":true,"href":"https:\/\/radiojabato.es\/index.php?rest_route=%2Fwp%2Fv2%2Ftags&post=5716"}],"curies":[{"name":"wp","href":"https:\/\/api.w.org\/{rel}","templated":true}]}}