{"id":5672,"date":"2025-02-15T12:14:52","date_gmt":"2025-02-15T12:14:52","guid":{"rendered":"https:\/\/radiojabato.es\/?p=5672"},"modified":"2025-02-15T12:14:53","modified_gmt":"2025-02-15T12:14:53","slug":"accion-social-mapeo-de-activos-de-salud-en-coslada","status":"publish","type":"post","link":"https:\/\/radiojabato.es\/?p=5672","title":{"rendered":"ACCI\u00d3N SOCIAL: \u00abMapeo de Activos de Salud en Coslada.\u00bb"},"content":{"rendered":"\n<iframe src=\"https:\/\/www.ivoox.com\/player_ej_139890308_6_1.html?c1=cb0c0c\" width=\"100%\" height=\"200\" frameborder=\"0\" allowfullscreen=\"\" scrolling=\"no\" loading=\"lazy\"><\/iframe>\n\n\n\n<figure class=\"wp-block-embed is-type-video is-provider-youtube wp-block-embed-youtube wp-embed-aspect-16-9 wp-has-aspect-ratio\"><div class=\"wp-block-embed__wrapper\">\n<iframe loading=\"lazy\" title=\"ACCI\u00d3N SOCIAL: &quot;Mapeo de Activos de Salud en Coslada.&quot;\" width=\"750\" height=\"422\" src=\"https:\/\/www.youtube.com\/embed\/NqMrIPI_1sY?feature=oembed\" frameborder=\"0\" allow=\"accelerometer; autoplay; clipboard-write; encrypted-media; gyroscope; picture-in-picture; web-share\" referrerpolicy=\"strict-origin-when-cross-origin\" allowfullscreen><\/iframe>\n<\/div><\/figure>\n\n\n\n<p>Entrevistamos a Silvia Valiente y Lara Bonilla, estudiantes de cuarto de enfermer\u00eda en la Universidad de Alcal\u00e1 de Henares \u00abUAH\u00bb que pretenden visibilizar la enfermer\u00eda comunitaria, promocionar la salud y la prevenci\u00f3n de la enfermedad.<br>Comentamos la labor que est\u00e1n realizando en el \u00abMapeo de Activos de Salud en Coslada\u00bb en coordinaci\u00f3n con la Concejal\u00eda de Salud, Consumo y bienestar Animal de Coslada.<br>La necesidad de enfermeras escolares, municipales, eliminar el sistema \u00abHospitaloc\u00e9ntrico\u00bb, la temporalidad del empleo de nuestr@s snitari@s, evitar la privatizaci\u00f3n de la sanidad y&#8230; Mucho m\u00e1s.<br>Con Personas como Silvia y Lara \u00bfA\u00fan hay esperanza? y sobre todo \u00bfEl informe y el trabajo que est\u00e1n realizando se quedar\u00e1 en un caj\u00f3n sin aplicarse?<\/p>\n\n\n\n<figure class=\"wp-block-gallery has-nested-images columns-default is-cropped wp-block-gallery-1 is-layout-flex wp-block-gallery-is-layout-flex\">\n<figure class=\"wp-block-image size-large\"><img loading=\"lazy\" decoding=\"async\" width=\"1024\" height=\"768\" data-id=\"5674\" src=\"https:\/\/radiojabato.es\/wp-content\/uploads\/2025\/02\/photo_2025-02-15_12-49-42-1024x768.jpg\" alt=\"\" class=\"wp-image-5674\" srcset=\"https:\/\/radiojabato.es\/wp-content\/uploads\/2025\/02\/photo_2025-02-15_12-49-42-1024x768.jpg 1024w, https:\/\/radiojabato.es\/wp-content\/uploads\/2025\/02\/photo_2025-02-15_12-49-42-300x225.jpg 300w, https:\/\/radiojabato.es\/wp-content\/uploads\/2025\/02\/photo_2025-02-15_12-49-42-768x576.jpg 768w, https:\/\/radiojabato.es\/wp-content\/uploads\/2025\/02\/photo_2025-02-15_12-49-42.jpg 1280w\" sizes=\"auto, (max-width: 1024px) 100vw, 1024px\" \/><\/figure>\n\n\n\n<figure class=\"wp-block-image size-large\"><img loading=\"lazy\" decoding=\"async\" width=\"1024\" height=\"768\" data-id=\"5673\" src=\"https:\/\/radiojabato.es\/wp-content\/uploads\/2025\/02\/photo_2025-02-15_12-49-43-1024x768.jpg\" alt=\"\" class=\"wp-image-5673\" srcset=\"https:\/\/radiojabato.es\/wp-content\/uploads\/2025\/02\/photo_2025-02-15_12-49-43-1024x768.jpg 1024w, https:\/\/radiojabato.es\/wp-content\/uploads\/2025\/02\/photo_2025-02-15_12-49-43-300x225.jpg 300w, https:\/\/radiojabato.es\/wp-content\/uploads\/2025\/02\/photo_2025-02-15_12-49-43-768x576.jpg 768w, https:\/\/radiojabato.es\/wp-content\/uploads\/2025\/02\/photo_2025-02-15_12-49-43.jpg 1280w\" sizes=\"auto, (max-width: 1024px) 100vw, 1024px\" \/><\/figure>\n<\/figure>\n","protected":false},"excerpt":{"rendered":"<p>Entrevistamos a Silvia Valiente y Lara Bonilla, estudiantes de cuarto de enfermer\u00eda en la Universidad de Alcal\u00e1 de Henares \u00abUAH\u00bb que pretenden visibilizar la enfermer\u00eda comunitaria, promocionar la salud y [&hellip;]<\/p>\n","protected":false},"author":2,"featured_media":0,"comment_status":"open","ping_status":"open","sticky":false,"template":"","format":"standard","meta":{"footnotes":""},"categories":[8],"tags":[56,1838,1005,1837,1833],"class_list":["post-5672","post","type-post","status-publish","format-standard","hentry","category-accion-social","tag-accion-social","tag-enfermeria","tag-salud-publica","tag-sanidad-privada","tag-universidad-de-alcala-de-henares"],"_links":{"self":[{"href":"https:\/\/radiojabato.es\/index.php?rest_route=\/wp\/v2\/posts\/5672","targetHints":{"allow":["GET"]}}],"collection":[{"href":"https:\/\/radiojabato.es\/index.php?rest_route=\/wp\/v2\/posts"}],"about":[{"href":"https:\/\/radiojabato.es\/index.php?rest_route=\/wp\/v2\/types\/post"}],"author":[{"embeddable":true,"href":"https:\/\/radiojabato.es\/index.php?rest_route=\/wp\/v2\/users\/2"}],"replies":[{"embeddable":true,"href":"https:\/\/radiojabato.es\/index.php?rest_route=%2Fwp%2Fv2%2Fcomments&post=5672"}],"version-history":[{"count":1,"href":"https:\/\/radiojabato.es\/index.php?rest_route=\/wp\/v2\/posts\/5672\/revisions"}],"predecessor-version":[{"id":5675,"href":"https:\/\/radiojabato.es\/index.php?rest_route=\/wp\/v2\/posts\/5672\/revisions\/5675"}],"wp:attachment":[{"href":"https:\/\/radiojabato.es\/index.php?rest_route=%2Fwp%2Fv2%2Fmedia&parent=5672"}],"wp:term":[{"taxonomy":"category","embeddable":true,"href":"https:\/\/radiojabato.es\/index.php?rest_route=%2Fwp%2Fv2%2Fcategories&post=5672"},{"taxonomy":"post_tag","embeddable":true,"href":"https:\/\/radiojabato.es\/index.php?rest_route=%2Fwp%2Fv2%2Ftags&post=5672"}],"curies":[{"name":"wp","href":"https:\/\/api.w.org\/{rel}","templated":true}]}}