{"id":5463,"date":"2024-12-14T19:20:04","date_gmt":"2024-12-14T19:20:04","guid":{"rendered":"https:\/\/radiojabato.es\/?p=5463"},"modified":"2024-12-14T19:20:04","modified_gmt":"2024-12-14T19:20:04","slug":"xq-somos-1-debate-sobre-las-familias","status":"publish","type":"post","link":"https:\/\/radiojabato.es\/?p=5463","title":{"rendered":"XQ SOMOS 1+: \u00abDebate Sobre Las Familias.\u00bb"},"content":{"rendered":"\n<iframe src=\"https:\/\/www.ivoox.com\/player_ej_136899267_6_1.html?c1=3c3c3c\" width=\"100%\" height=\"200\" frameborder=\"0\" allowfullscreen=\"\" scrolling=\"no\" loading=\"lazy\"><\/iframe>\n\n\n\n<figure class=\"wp-block-embed is-type-video is-provider-youtube wp-block-embed-youtube wp-embed-aspect-16-9 wp-has-aspect-ratio\"><div class=\"wp-block-embed__wrapper\">\n<iframe loading=\"lazy\" title=\"XQ SOMOS 1+: &quot;Debate Sobre Las Familias.&quot;\" width=\"750\" height=\"422\" src=\"https:\/\/www.youtube.com\/embed\/VAayFMTC-BY?feature=oembed\" frameborder=\"0\" allow=\"accelerometer; autoplay; clipboard-write; encrypted-media; gyroscope; picture-in-picture; web-share\" referrerpolicy=\"strict-origin-when-cross-origin\" allowfullscreen><\/iframe>\n<\/div><\/figure>\n\n\n\n<p>Hablamos sobre un tema fundamental de la mano de Juan Fern\u00e1ndez Blanco y Lorena Nespereira, Psic\u00f3logos Especializados en Salud Mental con personas con Enfermedad Mental Grave.<br>Expertos llevan su labor durante a\u00f1os hablaremos sobre la familia y como la ciencia avala su participaci\u00f3n en su rehabilitaci\u00f3n, el c\u00f3mo se debe cuidar en el proceso al cuidador.<\/p>\n\n\n\n<figure class=\"wp-block-image size-large is-resized\"><img loading=\"lazy\" decoding=\"async\" width=\"1001\" height=\"1024\" src=\"https:\/\/radiojabato.es\/wp-content\/uploads\/2024\/12\/photo_2024-12-14_20-09-22-1001x1024.jpg\" alt=\"\" class=\"wp-image-5464\" style=\"width:207px;height:auto\" srcset=\"https:\/\/radiojabato.es\/wp-content\/uploads\/2024\/12\/photo_2024-12-14_20-09-22-1001x1024.jpg 1001w, https:\/\/radiojabato.es\/wp-content\/uploads\/2024\/12\/photo_2024-12-14_20-09-22-293x300.jpg 293w, https:\/\/radiojabato.es\/wp-content\/uploads\/2024\/12\/photo_2024-12-14_20-09-22-768x786.jpg 768w, https:\/\/radiojabato.es\/wp-content\/uploads\/2024\/12\/photo_2024-12-14_20-09-22.jpg 1080w\" sizes=\"auto, (max-width: 1001px) 100vw, 1001px\" \/><\/figure>\n","protected":false},"excerpt":{"rendered":"<p>Hablamos sobre un tema fundamental de la mano de Juan Fern\u00e1ndez Blanco y Lorena Nespereira, Psic\u00f3logos Especializados en Salud Mental con personas con Enfermedad Mental Grave.Expertos llevan su labor durante [&hellip;]<\/p>\n","protected":false},"author":2,"featured_media":0,"comment_status":"open","ping_status":"open","sticky":false,"template":"","format":"standard","meta":{"footnotes":""},"categories":[1449],"tags":[1062,1368,209,48],"class_list":["post-5463","post","type-post","status-publish","format-standard","hentry","category-xq-somos-1","tag-enfermedad-mental-grave","tag-estigma","tag-psicologia","tag-radio-jabato"],"_links":{"self":[{"href":"https:\/\/radiojabato.es\/index.php?rest_route=\/wp\/v2\/posts\/5463","targetHints":{"allow":["GET"]}}],"collection":[{"href":"https:\/\/radiojabato.es\/index.php?rest_route=\/wp\/v2\/posts"}],"about":[{"href":"https:\/\/radiojabato.es\/index.php?rest_route=\/wp\/v2\/types\/post"}],"author":[{"embeddable":true,"href":"https:\/\/radiojabato.es\/index.php?rest_route=\/wp\/v2\/users\/2"}],"replies":[{"embeddable":true,"href":"https:\/\/radiojabato.es\/index.php?rest_route=%2Fwp%2Fv2%2Fcomments&post=5463"}],"version-history":[{"count":1,"href":"https:\/\/radiojabato.es\/index.php?rest_route=\/wp\/v2\/posts\/5463\/revisions"}],"predecessor-version":[{"id":5465,"href":"https:\/\/radiojabato.es\/index.php?rest_route=\/wp\/v2\/posts\/5463\/revisions\/5465"}],"wp:attachment":[{"href":"https:\/\/radiojabato.es\/index.php?rest_route=%2Fwp%2Fv2%2Fmedia&parent=5463"}],"wp:term":[{"taxonomy":"category","embeddable":true,"href":"https:\/\/radiojabato.es\/index.php?rest_route=%2Fwp%2Fv2%2Fcategories&post=5463"},{"taxonomy":"post_tag","embeddable":true,"href":"https:\/\/radiojabato.es\/index.php?rest_route=%2Fwp%2Fv2%2Ftags&post=5463"}],"curies":[{"name":"wp","href":"https:\/\/api.w.org\/{rel}","templated":true}]}}