{"id":545,"date":"2020-07-11T19:59:42","date_gmt":"2020-07-11T19:59:42","guid":{"rendered":"https:\/\/radiojabato.es\/?p=545"},"modified":"2020-09-30T08:02:44","modified_gmt":"2020-09-30T08:02:44","slug":"p12-junior-objetos-malditos","status":"publish","type":"post","link":"https:\/\/radiojabato.es\/?p=545","title":{"rendered":"Terror y Misterio con DARK P12  \u00abOBJETOS MALDITOS\u00bb"},"content":{"rendered":"\n<figure class=\"wp-block-image size-large\"><img loading=\"lazy\" decoding=\"async\" width=\"693\" height=\"390\" src=\"https:\/\/radiojabato.es\/wp-content\/uploads\/2020\/07\/CARTEL-1.jpg\" alt=\"\" class=\"wp-image-546\" srcset=\"https:\/\/radiojabato.es\/wp-content\/uploads\/2020\/07\/CARTEL-1.jpg 693w, https:\/\/radiojabato.es\/wp-content\/uploads\/2020\/07\/CARTEL-1-300x169.jpg 300w\" sizes=\"auto, (max-width: 693px) 100vw, 693px\" \/><\/figure>\n\n\n\n<p>Sombras al final de la escalera Junior presenta:<br>\nObjetos malditos \u00bfsuperstici\u00f3n o maldici\u00f3n? presentado por DARK, colaboraci\u00f3n de:<br>\nMaria salmon Cornicas Ufomix<br>\nRosario Fuentes asoc. ufologica Manises<br>\ndirigido por R<\/p>\n\n\n\n<audio class=\"wp-audio-shortcode\" id=\"audio-545-1\" preload=\"none\" style=\"width: 100%;\" controls=\"controls\"><source type=\"audio\/mpeg\" src=\"https:\/\/www.ivoox.com\/p12-junior-objetos-malditos_md_53778141_wp_1.mp3?_=1\" \/><a href=\"https:\/\/www.ivoox.com\/p12-junior-objetos-malditos_md_53778141_wp_1.mp3\">https:\/\/www.ivoox.com\/p12-junior-objetos-malditos_md_53778141_wp_1.mp3<\/a><\/audio> <a href=\"https:\/\/www.ivoox.com\/p12-junior-objetos-malditos-audios-mp3_rf_53778141_1.html\" title=\"P12 Junior \" objetos=\"\" malditos\"\"=\"\">Ir a descargar<\/a>\n","protected":false},"excerpt":{"rendered":"<p>Sombras al final de la escalera Junior presenta: Objetos malditos \u00bfsuperstici\u00f3n o maldici\u00f3n? presentado por DARK, colaboraci\u00f3n de: Maria salmon Cornicas Ufomix Rosario Fuentes asoc. ufologica Manises dirigido por R [&hellip;]<\/p>\n","protected":false},"author":2,"featured_media":546,"comment_status":"open","ping_status":"open","sticky":false,"template":"","format":"standard","meta":{"footnotes":""},"categories":[35],"tags":[13],"class_list":["post-545","post","type-post","status-publish","format-standard","has-post-thumbnail","hentry","category-terror-y-misterio-con-dark","tag-terror"],"_links":{"self":[{"href":"https:\/\/radiojabato.es\/index.php?rest_route=\/wp\/v2\/posts\/545","targetHints":{"allow":["GET"]}}],"collection":[{"href":"https:\/\/radiojabato.es\/index.php?rest_route=\/wp\/v2\/posts"}],"about":[{"href":"https:\/\/radiojabato.es\/index.php?rest_route=\/wp\/v2\/types\/post"}],"author":[{"embeddable":true,"href":"https:\/\/radiojabato.es\/index.php?rest_route=\/wp\/v2\/users\/2"}],"replies":[{"embeddable":true,"href":"https:\/\/radiojabato.es\/index.php?rest_route=%2Fwp%2Fv2%2Fcomments&post=545"}],"version-history":[{"count":3,"href":"https:\/\/radiojabato.es\/index.php?rest_route=\/wp\/v2\/posts\/545\/revisions"}],"predecessor-version":[{"id":648,"href":"https:\/\/radiojabato.es\/index.php?rest_route=\/wp\/v2\/posts\/545\/revisions\/648"}],"wp:featuredmedia":[{"embeddable":true,"href":"https:\/\/radiojabato.es\/index.php?rest_route=\/wp\/v2\/media\/546"}],"wp:attachment":[{"href":"https:\/\/radiojabato.es\/index.php?rest_route=%2Fwp%2Fv2%2Fmedia&parent=545"}],"wp:term":[{"taxonomy":"category","embeddable":true,"href":"https:\/\/radiojabato.es\/index.php?rest_route=%2Fwp%2Fv2%2Fcategories&post=545"},{"taxonomy":"post_tag","embeddable":true,"href":"https:\/\/radiojabato.es\/index.php?rest_route=%2Fwp%2Fv2%2Ftags&post=545"}],"curies":[{"name":"wp","href":"https:\/\/api.w.org\/{rel}","templated":true}]}}