{"id":5437,"date":"2024-12-11T08:00:50","date_gmt":"2024-12-11T08:00:50","guid":{"rendered":"https:\/\/radiojabato.es\/?p=5437"},"modified":"2024-12-11T08:00:50","modified_gmt":"2024-12-11T08:00:50","slug":"colectivo-puente-madera-educacion-feminista-para-no-necesitar-el-25n","status":"publish","type":"post","link":"https:\/\/radiojabato.es\/?p=5437","title":{"rendered":"COLECTIVO PUENTE MADERA: \u00abEducaci\u00f3n Feminista Para No Necesitar El 25N.\u00bb"},"content":{"rendered":"\n<iframe src=\"https:\/\/www.ivoox.com\/player_ej_136784700_6_1.html?c1=73bee8\" width=\"100%\" height=\"200\" frameborder=\"0\" allowfullscreen=\"\" scrolling=\"no\" loading=\"lazy\"><\/iframe>\n\n\n\n<figure class=\"wp-block-embed is-type-video is-provider-youtube wp-block-embed-youtube wp-embed-aspect-16-9 wp-has-aspect-ratio\"><div class=\"wp-block-embed__wrapper\">\n<iframe loading=\"lazy\" title=\"COLECTIVO PUENTE MADERA: &quot;Educaci\u00f3n Feminista Para No Necesitar El 25N.&quot;\" width=\"750\" height=\"422\" src=\"https:\/\/www.youtube.com\/embed\/WCpirF3kWXo?feature=oembed\" frameborder=\"0\" allow=\"accelerometer; autoplay; clipboard-write; encrypted-media; gyroscope; picture-in-picture; web-share\" referrerpolicy=\"strict-origin-when-cross-origin\" allowfullscreen><\/iframe>\n<\/div><\/figure>\n\n\n\n<p>Querr\u00edamos escribir que ya no hay asesinatos por violencia de g\u00e9nero, que este a\u00f1o, por fin, no hay v\u00edctimas del patriarcado y el machismo; sin embargo, lloramos a 42 mujeres asesinadas.<br>En Castilla-La Mancha m\u00e1s de 1500 mujeres son v\u00edctimas de violencia de g\u00e9nero, 7 de ellas son menores de edad.<\/p>\n","protected":false},"excerpt":{"rendered":"<p>Querr\u00edamos escribir que ya no hay asesinatos por violencia de g\u00e9nero, que este a\u00f1o, por fin, no hay v\u00edctimas del patriarcado y el machismo; sin embargo, lloramos a 42 mujeres [&hellip;]<\/p>\n","protected":false},"author":2,"featured_media":0,"comment_status":"open","ping_status":"open","sticky":false,"template":"","format":"standard","meta":{"footnotes":""},"categories":[96],"tags":[1726,1360,638,639,541],"class_list":["post-5437","post","type-post","status-publish","format-standard","hentry","category-colectivo-puente-madera","tag-asesinatos-machistas","tag-colectivo-puente-madera-albacete","tag-machismo","tag-patriarcado","tag-violencia-de-genero"],"_links":{"self":[{"href":"https:\/\/radiojabato.es\/index.php?rest_route=\/wp\/v2\/posts\/5437","targetHints":{"allow":["GET"]}}],"collection":[{"href":"https:\/\/radiojabato.es\/index.php?rest_route=\/wp\/v2\/posts"}],"about":[{"href":"https:\/\/radiojabato.es\/index.php?rest_route=\/wp\/v2\/types\/post"}],"author":[{"embeddable":true,"href":"https:\/\/radiojabato.es\/index.php?rest_route=\/wp\/v2\/users\/2"}],"replies":[{"embeddable":true,"href":"https:\/\/radiojabato.es\/index.php?rest_route=%2Fwp%2Fv2%2Fcomments&post=5437"}],"version-history":[{"count":1,"href":"https:\/\/radiojabato.es\/index.php?rest_route=\/wp\/v2\/posts\/5437\/revisions"}],"predecessor-version":[{"id":5438,"href":"https:\/\/radiojabato.es\/index.php?rest_route=\/wp\/v2\/posts\/5437\/revisions\/5438"}],"wp:attachment":[{"href":"https:\/\/radiojabato.es\/index.php?rest_route=%2Fwp%2Fv2%2Fmedia&parent=5437"}],"wp:term":[{"taxonomy":"category","embeddable":true,"href":"https:\/\/radiojabato.es\/index.php?rest_route=%2Fwp%2Fv2%2Fcategories&post=5437"},{"taxonomy":"post_tag","embeddable":true,"href":"https:\/\/radiojabato.es\/index.php?rest_route=%2Fwp%2Fv2%2Ftags&post=5437"}],"curies":[{"name":"wp","href":"https:\/\/api.w.org\/{rel}","templated":true}]}}