{"id":5421,"date":"2024-12-09T20:02:11","date_gmt":"2024-12-09T20:02:11","guid":{"rendered":"https:\/\/radiojabato.es\/?p=5421"},"modified":"2024-12-09T20:02:11","modified_gmt":"2024-12-09T20:02:11","slug":"radio-asamec-javier-jimenez-asoc-sara-jimenez-marta-nieto-periodista-fotografa-y-escritora","status":"publish","type":"post","link":"https:\/\/radiojabato.es\/?p=5421","title":{"rendered":"RADIO ASAMEC: \u00abJavier Jim\u00e9nez (Asoc. Sara Jim\u00e9nez) Marta Nieto (Periodista, Fot\u00f3grafa y Escritora)\u00bb"},"content":{"rendered":"\n<iframe src=\"https:\/\/www.ivoox.com\/player_ej_136729157_6_1.html?c1=cfda7e\" width=\"100%\" height=\"200\" frameborder=\"0\" allowfullscreen=\"\" scrolling=\"no\" loading=\"lazy\"><\/iframe>\n\n\n\n<figure class=\"wp-block-embed is-type-video is-provider-youtube wp-block-embed-youtube wp-embed-aspect-16-9 wp-has-aspect-ratio\"><div class=\"wp-block-embed__wrapper\">\n<iframe loading=\"lazy\" title=\"RADIO ASAMEC: &quot;Javier Jim\u00e9nez (Asoc. Sara Jim\u00e9nez) Marta Nieto (Periodista, Fot\u00f3grafa y Escritora)&quot;\" width=\"750\" height=\"422\" src=\"https:\/\/www.youtube.com\/embed\/gmEmzCf-SSg?feature=oembed\" frameborder=\"0\" allow=\"accelerometer; autoplay; clipboard-write; encrypted-media; gyroscope; picture-in-picture; web-share\" referrerpolicy=\"strict-origin-when-cross-origin\" allowfullscreen><\/iframe>\n<\/div><\/figure>\n\n\n\n<p>Entrevista a Javier Jim\u00e9nez, Presidente y Fundador de la \u00abAsociaci\u00f3n Sara Jim\u00e9nez\u00bb, ha escrito los libros \u2018\u2019VACUNAS PARA UN DUELO Y ESC\u00daCHAME Y TE AYUDAR\u00c9\u2019\u2019 junto a Marta Nieto, periodista, fot\u00f3grafa y escritora del libro \u201cHABLA\u201d.<br>El d\u00eda 16 de noviembre se conmemor\u00f3 El D\u00eda del Superviviente del Suicidio, Javier y Marta son las dos caras de este problema que por desgracia hay tan latente en nuestra sociedad. Seg\u00fan \u00faltimo datos oficiales 11 personas se suicidan al d\u00eda.<br>Desde ASAMEC creemos que hay que hablar de suicidio, que hay que invertir en prevenci\u00f3n mucho m\u00e1s. Es la principal causa de muerte no natural en Espa\u00f1a, por ello seguiremos luchando en prevenci\u00f3n del Suicidio y dando visibilidad, hablar de ello es necesario.<br>Marta y Javier nos hablan de manera clara y contundente, muchas gracias a los dos por compartir con nosotros vuestras vivencias, hac\u00e9is una labor espectacular ayudando a tantas personas que est\u00e1n luchando por vivir.<\/p>\n\n\n\n<figure class=\"wp-block-gallery has-nested-images columns-default is-cropped wp-block-gallery-1 is-layout-flex wp-block-gallery-is-layout-flex\"><\/figure>\n\n\n\n<figure class=\"wp-block-gallery has-nested-images columns-default is-cropped wp-block-gallery-2 is-layout-flex wp-block-gallery-is-layout-flex\">\n<figure class=\"wp-block-image size-large\"><img loading=\"lazy\" decoding=\"async\" width=\"1024\" height=\"860\" data-id=\"5427\" src=\"https:\/\/radiojabato.es\/wp-content\/uploads\/2024\/12\/photo_2024-12-09_20-50-46-1024x860.jpg\" alt=\"\" class=\"wp-image-5427\" srcset=\"https:\/\/radiojabato.es\/wp-content\/uploads\/2024\/12\/photo_2024-12-09_20-50-46-1024x860.jpg 1024w, https:\/\/radiojabato.es\/wp-content\/uploads\/2024\/12\/photo_2024-12-09_20-50-46-300x252.jpg 300w, https:\/\/radiojabato.es\/wp-content\/uploads\/2024\/12\/photo_2024-12-09_20-50-46-768x645.jpg 768w, https:\/\/radiojabato.es\/wp-content\/uploads\/2024\/12\/photo_2024-12-09_20-50-46.jpg 1280w\" sizes=\"auto, (max-width: 1024px) 100vw, 1024px\" \/><\/figure>\n\n\n\n<figure class=\"wp-block-image size-large\"><img loading=\"lazy\" decoding=\"async\" width=\"1024\" height=\"834\" data-id=\"5428\" src=\"https:\/\/radiojabato.es\/wp-content\/uploads\/2024\/12\/photo_2024-12-09_20-50-35-1024x834.jpg\" alt=\"\" class=\"wp-image-5428\" srcset=\"https:\/\/radiojabato.es\/wp-content\/uploads\/2024\/12\/photo_2024-12-09_20-50-35-1024x834.jpg 1024w, https:\/\/radiojabato.es\/wp-content\/uploads\/2024\/12\/photo_2024-12-09_20-50-35-300x244.jpg 300w, https:\/\/radiojabato.es\/wp-content\/uploads\/2024\/12\/photo_2024-12-09_20-50-35-768x625.jpg 768w, https:\/\/radiojabato.es\/wp-content\/uploads\/2024\/12\/photo_2024-12-09_20-50-35.jpg 1280w\" sizes=\"auto, (max-width: 1024px) 100vw, 1024px\" \/><\/figure>\n<\/figure>\n\n\n\n<figure class=\"wp-block-image size-large is-resized\"><img loading=\"lazy\" decoding=\"async\" width=\"1024\" height=\"553\" src=\"https:\/\/radiojabato.es\/wp-content\/uploads\/2024\/12\/photo_2024-12-09_20-50-42-1-1024x553.jpg\" alt=\"\" class=\"wp-image-5429\" style=\"width:347px;height:auto\" srcset=\"https:\/\/radiojabato.es\/wp-content\/uploads\/2024\/12\/photo_2024-12-09_20-50-42-1-1024x553.jpg 1024w, https:\/\/radiojabato.es\/wp-content\/uploads\/2024\/12\/photo_2024-12-09_20-50-42-1-300x162.jpg 300w, https:\/\/radiojabato.es\/wp-content\/uploads\/2024\/12\/photo_2024-12-09_20-50-42-1-768x415.jpg 768w, https:\/\/radiojabato.es\/wp-content\/uploads\/2024\/12\/photo_2024-12-09_20-50-42-1.jpg 1280w\" sizes=\"auto, (max-width: 1024px) 100vw, 1024px\" \/><\/figure>\n\n\n\n<figure class=\"wp-block-gallery has-nested-images columns-default is-cropped wp-block-gallery-3 is-layout-flex wp-block-gallery-is-layout-flex\">\n<figure class=\"wp-block-image size-large\"><img loading=\"lazy\" decoding=\"async\" width=\"190\" height=\"266\" data-id=\"5430\" src=\"https:\/\/radiojabato.es\/wp-content\/uploads\/2024\/12\/Escuchame-y-te-ayudare-1.jpg\" alt=\"\" class=\"wp-image-5430\"\/><\/figure>\n\n\n\n<figure class=\"wp-block-image size-large\"><img loading=\"lazy\" decoding=\"async\" width=\"181\" height=\"278\" data-id=\"5431\" src=\"https:\/\/radiojabato.es\/wp-content\/uploads\/2024\/12\/Habla-marta-nieto-2.jpg\" alt=\"\" class=\"wp-image-5431\"\/><\/figure>\n\n\n\n<figure class=\"wp-block-image size-large\"><img loading=\"lazy\" decoding=\"async\" width=\"190\" height=\"266\" data-id=\"5432\" src=\"https:\/\/radiojabato.es\/wp-content\/uploads\/2024\/12\/Vacunas-para-un-duelo-1.jpg\" alt=\"\" class=\"wp-image-5432\"\/><\/figure>\n<\/figure>\n","protected":false},"excerpt":{"rendered":"<p>Entrevista a Javier Jim\u00e9nez, Presidente y Fundador de la \u00abAsociaci\u00f3n Sara Jim\u00e9nez\u00bb, ha escrito los libros \u2018\u2019VACUNAS PARA UN DUELO Y ESC\u00daCHAME Y TE AYUDAR\u00c9\u2019\u2019 junto a Marta Nieto, periodista, [&hellip;]<\/p>\n","protected":false},"author":2,"featured_media":0,"comment_status":"open","ping_status":"open","sticky":false,"template":"","format":"standard","meta":{"footnotes":""},"categories":[987],"tags":[1217,1723,934,48,1134],"class_list":["post-5421","post","type-post","status-publish","format-standard","hentry","category-asamec-asociacion-de-salud-mental-del-corredor","tag-asamecorredor","tag-francisco-javier-jimenez-saiz","tag-prevencion","tag-radio-jabato","tag-suicidio"],"_links":{"self":[{"href":"https:\/\/radiojabato.es\/index.php?rest_route=\/wp\/v2\/posts\/5421","targetHints":{"allow":["GET"]}}],"collection":[{"href":"https:\/\/radiojabato.es\/index.php?rest_route=\/wp\/v2\/posts"}],"about":[{"href":"https:\/\/radiojabato.es\/index.php?rest_route=\/wp\/v2\/types\/post"}],"author":[{"embeddable":true,"href":"https:\/\/radiojabato.es\/index.php?rest_route=\/wp\/v2\/users\/2"}],"replies":[{"embeddable":true,"href":"https:\/\/radiojabato.es\/index.php?rest_route=%2Fwp%2Fv2%2Fcomments&post=5421"}],"version-history":[{"count":1,"href":"https:\/\/radiojabato.es\/index.php?rest_route=\/wp\/v2\/posts\/5421\/revisions"}],"predecessor-version":[{"id":5433,"href":"https:\/\/radiojabato.es\/index.php?rest_route=\/wp\/v2\/posts\/5421\/revisions\/5433"}],"wp:attachment":[{"href":"https:\/\/radiojabato.es\/index.php?rest_route=%2Fwp%2Fv2%2Fmedia&parent=5421"}],"wp:term":[{"taxonomy":"category","embeddable":true,"href":"https:\/\/radiojabato.es\/index.php?rest_route=%2Fwp%2Fv2%2Fcategories&post=5421"},{"taxonomy":"post_tag","embeddable":true,"href":"https:\/\/radiojabato.es\/index.php?rest_route=%2Fwp%2Fv2%2Ftags&post=5421"}],"curies":[{"name":"wp","href":"https:\/\/api.w.org\/{rel}","templated":true}]}}