{"id":5183,"date":"2024-10-17T19:42:02","date_gmt":"2024-10-17T19:42:02","guid":{"rendered":"https:\/\/radiojabato.es\/?p=5183"},"modified":"2024-10-17T19:42:02","modified_gmt":"2024-10-17T19:42:02","slug":"la-jabateka-aerosmith-un-adios-antes-de-la-despedida","status":"publish","type":"post","link":"https:\/\/radiojabato.es\/?p=5183","title":{"rendered":"LA JABATEKA: \u00abAEROSMITH, Un Adi\u00f3s Antes De La Despedida.\u00bb"},"content":{"rendered":"\n<iframe src=\"https:\/\/www.ivoox.com\/player_ej_134925994_6_1.html?c1=d03644\" width=\"100%\" height=\"200\" frameborder=\"0\" allowfullscreen=\"\" scrolling=\"no\" loading=\"lazy\"><\/iframe>\n\n\n\n<p>Hacemos un repaso por la historia de la banda americana, desde su formaci\u00f3n en 1970, hasta el pasado mes de septiembre, cuando anunciaron la anulaci\u00f3n de su gira de despedida, retir\u00e1ndose definitivamente de los escenarios. Su m\u00fasica r\u00edtmica y potente, aderezada con la magn\u00edfica voz de Steven Taylor, apoyada en la brillante guitarra de Joe Perry, nos acompa\u00f1an en esta entrega rockera.<\/p>\n\n\n\n<figure class=\"wp-block-image size-full is-resized\"><img loading=\"lazy\" decoding=\"async\" width=\"720\" height=\"517\" src=\"https:\/\/radiojabato.es\/wp-content\/uploads\/2024\/10\/photo_2023-08-10_19-02-28.jpg\" alt=\"\" class=\"wp-image-5184\" style=\"width:246px;height:auto\" srcset=\"https:\/\/radiojabato.es\/wp-content\/uploads\/2024\/10\/photo_2023-08-10_19-02-28.jpg 720w, https:\/\/radiojabato.es\/wp-content\/uploads\/2024\/10\/photo_2023-08-10_19-02-28-300x215.jpg 300w\" sizes=\"auto, (max-width: 720px) 100vw, 720px\" \/><\/figure>\n","protected":false},"excerpt":{"rendered":"<p>Hacemos un repaso por la historia de la banda americana, desde su formaci\u00f3n en 1970, hasta el pasado mes de septiembre, cuando anunciaron la anulaci\u00f3n de su gira de despedida, [&hellip;]<\/p>\n","protected":false},"author":2,"featured_media":0,"comment_status":"open","ping_status":"open","sticky":false,"template":"","format":"standard","meta":{"footnotes":""},"categories":[870],"tags":[1616,883,932,110],"class_list":["post-5183","post","type-post","status-publish","format-standard","hentry","category-la-jabateka","tag-aerosmith","tag-ismael-calle","tag-la-jabateka","tag-rock"],"_links":{"self":[{"href":"https:\/\/radiojabato.es\/index.php?rest_route=\/wp\/v2\/posts\/5183","targetHints":{"allow":["GET"]}}],"collection":[{"href":"https:\/\/radiojabato.es\/index.php?rest_route=\/wp\/v2\/posts"}],"about":[{"href":"https:\/\/radiojabato.es\/index.php?rest_route=\/wp\/v2\/types\/post"}],"author":[{"embeddable":true,"href":"https:\/\/radiojabato.es\/index.php?rest_route=\/wp\/v2\/users\/2"}],"replies":[{"embeddable":true,"href":"https:\/\/radiojabato.es\/index.php?rest_route=%2Fwp%2Fv2%2Fcomments&post=5183"}],"version-history":[{"count":1,"href":"https:\/\/radiojabato.es\/index.php?rest_route=\/wp\/v2\/posts\/5183\/revisions"}],"predecessor-version":[{"id":5185,"href":"https:\/\/radiojabato.es\/index.php?rest_route=\/wp\/v2\/posts\/5183\/revisions\/5185"}],"wp:attachment":[{"href":"https:\/\/radiojabato.es\/index.php?rest_route=%2Fwp%2Fv2%2Fmedia&parent=5183"}],"wp:term":[{"taxonomy":"category","embeddable":true,"href":"https:\/\/radiojabato.es\/index.php?rest_route=%2Fwp%2Fv2%2Fcategories&post=5183"},{"taxonomy":"post_tag","embeddable":true,"href":"https:\/\/radiojabato.es\/index.php?rest_route=%2Fwp%2Fv2%2Ftags&post=5183"}],"curies":[{"name":"wp","href":"https:\/\/api.w.org\/{rel}","templated":true}]}}